{"id":1055,"date":"2023-03-17T13:24:41","date_gmt":"2023-03-17T12:24:41","guid":{"rendered":"http:\/\/www.grappilles.fr\/?p=1055"},"modified":"2024-06-26T17:07:44","modified_gmt":"2024-06-26T15:07:44","slug":"manifestations-collectives-festives","status":"publish","type":"post","link":"https:\/\/www.grappilles.fr\/index.php\/2023\/03\/17\/manifestations-collectives-festives\/","title":{"rendered":"Manifestations collectives festives."},"content":{"rendered":"\n<p>F\u00eates, cirque, rassemblements, et toutes sortes d&rsquo;\u00e9v\u00e8nements  rassemblant un certain nombres de personnes dans un but de f\u00eater un th\u00e8me ou une date particuli\u00e8re.<\/p>\n\n\n\n<p> 1938, la location du terrain dit le Placiot \u00e0 l&rsquo;entr\u00e9e de la for\u00eat de Fontainebleau  entre le  1 avril et le 1 novembre  \u00e0 madame Bray pour y installer un stand de tir par le conseil municipal contre r\u00e9tribution de 800 francs payer en deux fois. En 1939 la m\u00eame demande par la m\u00eame personne se qui semble indiquer un commerce lucratif.<\/p>\n\n\n\n<div style=\"height:100px\" aria-hidden=\"true\" class=\"wp-block-spacer\"><\/div>\n\n\n\n<h2 class=\"wp-block-heading has-medium-font-size\">Manifestation moderne organis\u00e9e par l\u2019Association Les Grappilles de la For\u00eat Juin 2014<\/h2>\n\n\n\n<figure class=\"wp-block-embed is-type-video is-provider-youtube wp-block-embed-youtube wp-embed-aspect-16-9 wp-has-aspect-ratio\"><div class=\"wp-block-embed__wrapper\">\n<iframe loading=\"lazy\" title=\"Peintres En Libert\u00e9  2014\" width=\"500\" height=\"281\" src=\"https:\/\/www.youtube.com\/embed\/yLN2dwnkuBE?feature=oembed\" frameborder=\"0\" allow=\"accelerometer; autoplay; clipboard-write; encrypted-media; gyroscope; picture-in-picture; web-share\" referrerpolicy=\"strict-origin-when-cross-origin\" allowfullscreen><\/iframe>\n<\/div><\/figure>\n\n\n\n<div style=\"height:100px\" aria-hidden=\"true\" class=\"wp-block-spacer\"><\/div>\n\n\n\n<h2 class=\"wp-block-heading has-medium-font-size\">Exposition de peintres \u00e0 Barbizon 2015<\/h2>\n\n\n\n<figure class=\"wp-block-embed is-type-video is-provider-youtube wp-block-embed-youtube wp-embed-aspect-16-9 wp-has-aspect-ratio\"><div class=\"wp-block-embed__wrapper\">\n<iframe loading=\"lazy\" title=\"BARBI-EXPOZONS\" width=\"500\" height=\"281\" src=\"https:\/\/www.youtube.com\/embed\/DFx82q2Ou7M?feature=oembed\" frameborder=\"0\" allow=\"accelerometer; autoplay; clipboard-write; encrypted-media; gyroscope; picture-in-picture; web-share\" referrerpolicy=\"strict-origin-when-cross-origin\" allowfullscreen><\/iframe>\n<\/div><\/figure>\n","protected":false},"excerpt":{"rendered":"<p>F\u00eates, cirque, rassemblements, et toutes sortes d&rsquo;\u00e9v\u00e8nements rassemblant un certain nombres de personnes dans un but de f\u00eater un th\u00e8me ou une date particuli\u00e8re. 1938, la location du terrain dit le Placiot \u00e0 l&rsquo;entr\u00e9e de la for\u00eat de Fontainebleau entre le 1 avril et le 1 novembre \u00e0 madame Bray pour y installer un stand [&hellip;]<\/p>\n","protected":false},"author":1,"featured_media":0,"comment_status":"open","ping_status":"open","sticky":false,"template":"","format":"standard","meta":{"_monsterinsights_skip_tracking":false,"_monsterinsights_sitenote_active":false,"_monsterinsights_sitenote_note":"","_monsterinsights_sitenote_category":0,"_jetpack_memberships_contains_paid_content":false,"footnotes":""},"categories":[6],"tags":[],"post_folder":[14],"class_list":["post-1055","post","type-post","status-publish","format-standard","hentry","category-les-arts"],"yoast_head":"<!-- This site is optimized with the Yoast SEO plugin v27.5 - https:\/\/yoast.com\/product\/yoast-seo-wordpress\/ -->\n<title>Manifestations collectives festives. - Barbizon Histoire et Patrimoine<\/title>\n<meta name=\"robots\" content=\"index, follow, max-snippet:-1, max-image-preview:large, max-video-preview:-1\" \/>\n<link rel=\"canonical\" href=\"https:\/\/www.grappilles.fr\/index.php\/2023\/03\/17\/manifestations-collectives-festives\/\" \/>\n<meta property=\"og:locale\" content=\"fr_FR\" \/>\n<meta property=\"og:type\" content=\"article\" \/>\n<meta property=\"og:title\" content=\"Manifestations collectives festives. - Barbizon Histoire et Patrimoine\" \/>\n<meta property=\"og:description\" content=\"F\u00eates, cirque, rassemblements, et toutes sortes d&rsquo;\u00e9v\u00e8nements rassemblant un certain nombres de personnes dans un but de f\u00eater un th\u00e8me ou une date particuli\u00e8re. 1938, la location du terrain dit le Placiot \u00e0 l&rsquo;entr\u00e9e de la for\u00eat de Fontainebleau entre le 1 avril et le 1 novembre \u00e0 madame Bray pour y installer un stand [&hellip;]\" \/>\n<meta property=\"og:url\" content=\"https:\/\/www.grappilles.fr\/index.php\/2023\/03\/17\/manifestations-collectives-festives\/\" \/>\n<meta property=\"og:site_name\" content=\"Barbizon Histoire et Patrimoine\" \/>\n<meta property=\"article:publisher\" content=\"https:\/\/www.facebook.com\/grappillons\" \/>\n<meta property=\"article:author\" content=\"https:\/\/www.facebook.com\/grappillons\" \/>\n<meta property=\"article:published_time\" content=\"2023-03-17T12:24:41+00:00\" \/>\n<meta property=\"article:modified_time\" content=\"2024-06-26T15:07:44+00:00\" \/>\n<meta name=\"author\" content=\"pregra66\" \/>\n<meta name=\"twitter:card\" content=\"summary_large_image\" \/>\n<meta name=\"twitter:label1\" content=\"\u00c9crit par\" \/>\n\t<meta name=\"twitter:data1\" content=\"pregra66\" \/>\n\t<meta name=\"twitter:label2\" content=\"Dur\u00e9e de lecture estim\u00e9e\" \/>\n\t<meta name=\"twitter:data2\" content=\"1 minute\" \/>\n<script type=\"application\/ld+json\" class=\"yoast-schema-graph\">{\"@context\":\"https:\\\/\\\/schema.org\",\"@graph\":[{\"@type\":\"Article\",\"@id\":\"https:\\\/\\\/www.grappilles.fr\\\/index.php\\\/2023\\\/03\\\/17\\\/manifestations-collectives-festives\\\/#article\",\"isPartOf\":{\"@id\":\"https:\\\/\\\/www.grappilles.fr\\\/index.php\\\/2023\\\/03\\\/17\\\/manifestations-collectives-festives\\\/\"},\"author\":{\"name\":\"pregra66\",\"@id\":\"https:\\\/\\\/www.grappilles.fr\\\/#\\\/schema\\\/person\\\/ac28443c00453ca743f16066ae01a8a7\"},\"headline\":\"Manifestations collectives festives.\",\"datePublished\":\"2023-03-17T12:24:41+00:00\",\"dateModified\":\"2024-06-26T15:07:44+00:00\",\"mainEntityOfPage\":{\"@id\":\"https:\\\/\\\/www.grappilles.fr\\\/index.php\\\/2023\\\/03\\\/17\\\/manifestations-collectives-festives\\\/\"},\"wordCount\":132,\"commentCount\":0,\"publisher\":{\"@id\":\"https:\\\/\\\/www.grappilles.fr\\\/#\\\/schema\\\/person\\\/ac28443c00453ca743f16066ae01a8a7\"},\"articleSection\":[\"les arts\"],\"inLanguage\":\"fr-FR\",\"potentialAction\":[{\"@type\":\"CommentAction\",\"name\":\"Comment\",\"target\":[\"https:\\\/\\\/www.grappilles.fr\\\/index.php\\\/2023\\\/03\\\/17\\\/manifestations-collectives-festives\\\/#respond\"]}]},{\"@type\":\"WebPage\",\"@id\":\"https:\\\/\\\/www.grappilles.fr\\\/index.php\\\/2023\\\/03\\\/17\\\/manifestations-collectives-festives\\\/\",\"url\":\"https:\\\/\\\/www.grappilles.fr\\\/index.php\\\/2023\\\/03\\\/17\\\/manifestations-collectives-festives\\\/\",\"name\":\"Manifestations collectives festives. - Barbizon Histoire et Patrimoine\",\"isPartOf\":{\"@id\":\"https:\\\/\\\/www.grappilles.fr\\\/#website\"},\"datePublished\":\"2023-03-17T12:24:41+00:00\",\"dateModified\":\"2024-06-26T15:07:44+00:00\",\"breadcrumb\":{\"@id\":\"https:\\\/\\\/www.grappilles.fr\\\/index.php\\\/2023\\\/03\\\/17\\\/manifestations-collectives-festives\\\/#breadcrumb\"},\"inLanguage\":\"fr-FR\",\"potentialAction\":[{\"@type\":\"ReadAction\",\"target\":[\"https:\\\/\\\/www.grappilles.fr\\\/index.php\\\/2023\\\/03\\\/17\\\/manifestations-collectives-festives\\\/\"]}]},{\"@type\":\"BreadcrumbList\",\"@id\":\"https:\\\/\\\/www.grappilles.fr\\\/index.php\\\/2023\\\/03\\\/17\\\/manifestations-collectives-festives\\\/#breadcrumb\",\"itemListElement\":[{\"@type\":\"ListItem\",\"position\":1,\"name\":\"Accueil\",\"item\":\"https:\\\/\\\/www.grappilles.fr\\\/\"},{\"@type\":\"ListItem\",\"position\":2,\"name\":\"Manifestations collectives festives.\"}]},{\"@type\":\"WebSite\",\"@id\":\"https:\\\/\\\/www.grappilles.fr\\\/#website\",\"url\":\"https:\\\/\\\/www.grappilles.fr\\\/\",\"name\":\"Barbizon Histoire et Patrimoine\",\"description\":\"une r\u00e9alisation les grappilles de la For\u00eat\",\"publisher\":{\"@id\":\"https:\\\/\\\/www.grappilles.fr\\\/#\\\/schema\\\/person\\\/ac28443c00453ca743f16066ae01a8a7\"},\"potentialAction\":[{\"@type\":\"SearchAction\",\"target\":{\"@type\":\"EntryPoint\",\"urlTemplate\":\"https:\\\/\\\/www.grappilles.fr\\\/?s={search_term_string}\"},\"query-input\":{\"@type\":\"PropertyValueSpecification\",\"valueRequired\":true,\"valueName\":\"search_term_string\"}}],\"inLanguage\":\"fr-FR\"},{\"@type\":[\"Person\",\"Organization\"],\"@id\":\"https:\\\/\\\/www.grappilles.fr\\\/#\\\/schema\\\/person\\\/ac28443c00453ca743f16066ae01a8a7\",\"name\":\"pregra66\",\"image\":{\"@type\":\"ImageObject\",\"inLanguage\":\"fr-FR\",\"@id\":\"https:\\\/\\\/i0.wp.com\\\/www.grappilles.fr\\\/wp-content\\\/uploads\\\/2024\\\/03\\\/logo-Les-GDLF.jpg?fit=254%2C231&ssl=1\",\"url\":\"https:\\\/\\\/i0.wp.com\\\/www.grappilles.fr\\\/wp-content\\\/uploads\\\/2024\\\/03\\\/logo-Les-GDLF.jpg?fit=254%2C231&ssl=1\",\"contentUrl\":\"https:\\\/\\\/i0.wp.com\\\/www.grappilles.fr\\\/wp-content\\\/uploads\\\/2024\\\/03\\\/logo-Les-GDLF.jpg?fit=254%2C231&ssl=1\",\"width\":254,\"height\":231,\"caption\":\"pregra66\"},\"logo\":{\"@id\":\"https:\\\/\\\/i0.wp.com\\\/www.grappilles.fr\\\/wp-content\\\/uploads\\\/2024\\\/03\\\/logo-Les-GDLF.jpg?fit=254%2C231&ssl=1\"},\"sameAs\":[\"http:\\\/\\\/www.grappilles.fr\",\"https:\\\/\\\/www.facebook.com\\\/grappillons\"],\"url\":\"https:\\\/\\\/www.grappilles.fr\\\/index.php\\\/author\\\/pregra66\\\/\"}]}<\/script>\n<!-- \/ Yoast SEO plugin. -->","yoast_head_json":{"title":"Manifestations collectives festives. - Barbizon Histoire et Patrimoine","robots":{"index":"index","follow":"follow","max-snippet":"max-snippet:-1","max-image-preview":"max-image-preview:large","max-video-preview":"max-video-preview:-1"},"canonical":"https:\/\/www.grappilles.fr\/index.php\/2023\/03\/17\/manifestations-collectives-festives\/","og_locale":"fr_FR","og_type":"article","og_title":"Manifestations collectives festives. - Barbizon Histoire et Patrimoine","og_description":"F\u00eates, cirque, rassemblements, et toutes sortes d&rsquo;\u00e9v\u00e8nements rassemblant un certain nombres de personnes dans un but de f\u00eater un th\u00e8me ou une date particuli\u00e8re. 1938, la location du terrain dit le Placiot \u00e0 l&rsquo;entr\u00e9e de la for\u00eat de Fontainebleau entre le 1 avril et le 1 novembre \u00e0 madame Bray pour y installer un stand [&hellip;]","og_url":"https:\/\/www.grappilles.fr\/index.php\/2023\/03\/17\/manifestations-collectives-festives\/","og_site_name":"Barbizon Histoire et Patrimoine","article_publisher":"https:\/\/www.facebook.com\/grappillons","article_author":"https:\/\/www.facebook.com\/grappillons","article_published_time":"2023-03-17T12:24:41+00:00","article_modified_time":"2024-06-26T15:07:44+00:00","author":"pregra66","twitter_card":"summary_large_image","twitter_misc":{"\u00c9crit par":"pregra66","Dur\u00e9e de lecture estim\u00e9e":"1 minute"},"schema":{"@context":"https:\/\/schema.org","@graph":[{"@type":"Article","@id":"https:\/\/www.grappilles.fr\/index.php\/2023\/03\/17\/manifestations-collectives-festives\/#article","isPartOf":{"@id":"https:\/\/www.grappilles.fr\/index.php\/2023\/03\/17\/manifestations-collectives-festives\/"},"author":{"name":"pregra66","@id":"https:\/\/www.grappilles.fr\/#\/schema\/person\/ac28443c00453ca743f16066ae01a8a7"},"headline":"Manifestations collectives festives.","datePublished":"2023-03-17T12:24:41+00:00","dateModified":"2024-06-26T15:07:44+00:00","mainEntityOfPage":{"@id":"https:\/\/www.grappilles.fr\/index.php\/2023\/03\/17\/manifestations-collectives-festives\/"},"wordCount":132,"commentCount":0,"publisher":{"@id":"https:\/\/www.grappilles.fr\/#\/schema\/person\/ac28443c00453ca743f16066ae01a8a7"},"articleSection":["les arts"],"inLanguage":"fr-FR","potentialAction":[{"@type":"CommentAction","name":"Comment","target":["https:\/\/www.grappilles.fr\/index.php\/2023\/03\/17\/manifestations-collectives-festives\/#respond"]}]},{"@type":"WebPage","@id":"https:\/\/www.grappilles.fr\/index.php\/2023\/03\/17\/manifestations-collectives-festives\/","url":"https:\/\/www.grappilles.fr\/index.php\/2023\/03\/17\/manifestations-collectives-festives\/","name":"Manifestations collectives festives. - Barbizon Histoire et Patrimoine","isPartOf":{"@id":"https:\/\/www.grappilles.fr\/#website"},"datePublished":"2023-03-17T12:24:41+00:00","dateModified":"2024-06-26T15:07:44+00:00","breadcrumb":{"@id":"https:\/\/www.grappilles.fr\/index.php\/2023\/03\/17\/manifestations-collectives-festives\/#breadcrumb"},"inLanguage":"fr-FR","potentialAction":[{"@type":"ReadAction","target":["https:\/\/www.grappilles.fr\/index.php\/2023\/03\/17\/manifestations-collectives-festives\/"]}]},{"@type":"BreadcrumbList","@id":"https:\/\/www.grappilles.fr\/index.php\/2023\/03\/17\/manifestations-collectives-festives\/#breadcrumb","itemListElement":[{"@type":"ListItem","position":1,"name":"Accueil","item":"https:\/\/www.grappilles.fr\/"},{"@type":"ListItem","position":2,"name":"Manifestations collectives festives."}]},{"@type":"WebSite","@id":"https:\/\/www.grappilles.fr\/#website","url":"https:\/\/www.grappilles.fr\/","name":"Barbizon Histoire et Patrimoine","description":"une r\u00e9alisation les grappilles de la For\u00eat","publisher":{"@id":"https:\/\/www.grappilles.fr\/#\/schema\/person\/ac28443c00453ca743f16066ae01a8a7"},"potentialAction":[{"@type":"SearchAction","target":{"@type":"EntryPoint","urlTemplate":"https:\/\/www.grappilles.fr\/?s={search_term_string}"},"query-input":{"@type":"PropertyValueSpecification","valueRequired":true,"valueName":"search_term_string"}}],"inLanguage":"fr-FR"},{"@type":["Person","Organization"],"@id":"https:\/\/www.grappilles.fr\/#\/schema\/person\/ac28443c00453ca743f16066ae01a8a7","name":"pregra66","image":{"@type":"ImageObject","inLanguage":"fr-FR","@id":"https:\/\/i0.wp.com\/www.grappilles.fr\/wp-content\/uploads\/2024\/03\/logo-Les-GDLF.jpg?fit=254%2C231&ssl=1","url":"https:\/\/i0.wp.com\/www.grappilles.fr\/wp-content\/uploads\/2024\/03\/logo-Les-GDLF.jpg?fit=254%2C231&ssl=1","contentUrl":"https:\/\/i0.wp.com\/www.grappilles.fr\/wp-content\/uploads\/2024\/03\/logo-Les-GDLF.jpg?fit=254%2C231&ssl=1","width":254,"height":231,"caption":"pregra66"},"logo":{"@id":"https:\/\/i0.wp.com\/www.grappilles.fr\/wp-content\/uploads\/2024\/03\/logo-Les-GDLF.jpg?fit=254%2C231&ssl=1"},"sameAs":["http:\/\/www.grappilles.fr","https:\/\/www.facebook.com\/grappillons"],"url":"https:\/\/www.grappilles.fr\/index.php\/author\/pregra66\/"}]}},"jetpack_featured_media_url":"","jetpack-related-posts":[],"jetpack_sharing_enabled":true,"_links":{"self":[{"href":"https:\/\/www.grappilles.fr\/index.php\/wp-json\/wp\/v2\/posts\/1055","targetHints":{"allow":["GET"]}}],"collection":[{"href":"https:\/\/www.grappilles.fr\/index.php\/wp-json\/wp\/v2\/posts"}],"about":[{"href":"https:\/\/www.grappilles.fr\/index.php\/wp-json\/wp\/v2\/types\/post"}],"author":[{"embeddable":true,"href":"https:\/\/www.grappilles.fr\/index.php\/wp-json\/wp\/v2\/users\/1"}],"replies":[{"embeddable":true,"href":"https:\/\/www.grappilles.fr\/index.php\/wp-json\/wp\/v2\/comments?post=1055"}],"version-history":[{"count":4,"href":"https:\/\/www.grappilles.fr\/index.php\/wp-json\/wp\/v2\/posts\/1055\/revisions"}],"predecessor-version":[{"id":1543,"href":"https:\/\/www.grappilles.fr\/index.php\/wp-json\/wp\/v2\/posts\/1055\/revisions\/1543"}],"wp:attachment":[{"href":"https:\/\/www.grappilles.fr\/index.php\/wp-json\/wp\/v2\/media?parent=1055"}],"wp:term":[{"taxonomy":"category","embeddable":true,"href":"https:\/\/www.grappilles.fr\/index.php\/wp-json\/wp\/v2\/categories?post=1055"},{"taxonomy":"post_tag","embeddable":true,"href":"https:\/\/www.grappilles.fr\/index.php\/wp-json\/wp\/v2\/tags?post=1055"},{"taxonomy":"post_folder","embeddable":true,"href":"https:\/\/www.grappilles.fr\/index.php\/wp-json\/wp\/v2\/post_folder?post=1055"}],"curies":[{"name":"wp","href":"https:\/\/api.w.org\/{rel}","templated":true}]}}