{"id":1112,"date":"2023-03-20T15:30:35","date_gmt":"2023-03-20T14:30:35","guid":{"rendered":"http:\/\/www.grappilles.fr\/?p=1112"},"modified":"2025-03-27T22:36:20","modified_gmt":"2025-03-27T21:36:20","slug":"les-charmettes-2","status":"publish","type":"post","link":"https:\/\/www.grappilles.fr\/index.php\/2023\/03\/20\/les-charmettes-2\/","title":{"rendered":"Les Charmettes"},"content":{"rendered":"\n<h2 class=\"wp-block-heading\">La saga d&rsquo;une famille Suisses \u00e0 Barbizon  les Schaller <\/h2>\n\n\n\n<p class=\"has-medium-font-size\">Les Schaller , famille originaire de Suisse, sont venu s&rsquo;\u00e9tablir  \u00e0 Barbizon \u00e0 la suite du d\u00e9c\u00e8s d&rsquo;un autre Suisse , Karl Bodmer, mort \u00e0 Paris en 1893. L&rsquo;arriv\u00e9e du tramway de la gare de Melun y est pour quelque chose. L&rsquo;\u00e9tablissement devient une r\u00e9f\u00e9rence pour Barbizon,  d\u00e9j\u00e0 avec une voiture de maitre pour les clients ais\u00e9s entre la gare de Melun ou Fontainebleau et l&rsquo;\u00e9tablissement.<\/p>\n\n\n\n<figure class=\"wp-block-gallery has-nested-images columns-default is-cropped wp-block-gallery-1 is-layout-flex wp-block-gallery-is-layout-flex\">\n<figure class=\"wp-block-image size-large\"><img data-recalc-dims=\"1\" loading=\"lazy\" decoding=\"async\" width=\"890\" height=\"872\" data-id=\"813\" src=\"https:\/\/i0.wp.com\/www.grappilles.fr\/wp-content\/uploads\/2023\/02\/Barbizon-hotel-les-Charmettes-schaller-voitures.jpg?resize=890%2C872\" alt=\"\" class=\"wp-image-813\" srcset=\"https:\/\/i0.wp.com\/www.grappilles.fr\/wp-content\/uploads\/2023\/02\/Barbizon-hotel-les-Charmettes-schaller-voitures.jpg?w=890&amp;ssl=1 890w, https:\/\/i0.wp.com\/www.grappilles.fr\/wp-content\/uploads\/2023\/02\/Barbizon-hotel-les-Charmettes-schaller-voitures.jpg?resize=300%2C294&amp;ssl=1 300w, https:\/\/i0.wp.com\/www.grappilles.fr\/wp-content\/uploads\/2023\/02\/Barbizon-hotel-les-Charmettes-schaller-voitures.jpg?resize=768%2C752&amp;ssl=1 768w\" sizes=\"auto, (max-width: 890px) 100vw, 890px\" \/><figcaption class=\"wp-element-caption\">automobile avant 1900<\/figcaption><\/figure>\n\n\n\n<figure class=\"wp-block-image size-large\"><img data-recalc-dims=\"1\" loading=\"lazy\" decoding=\"async\" width=\"1024\" height=\"677\" data-id=\"584\" src=\"https:\/\/i0.wp.com\/www.grappilles.fr\/wp-content\/uploads\/2023\/02\/113-BARBIZON-Les-Charmettes-siron-E.L.D..jpg?resize=1024%2C677\" alt=\"\" class=\"wp-image-584\" srcset=\"https:\/\/i0.wp.com\/www.grappilles.fr\/wp-content\/uploads\/2023\/02\/113-BARBIZON-Les-Charmettes-siron-E.L.D..jpg?resize=1024%2C677&amp;ssl=1 1024w, https:\/\/i0.wp.com\/www.grappilles.fr\/wp-content\/uploads\/2023\/02\/113-BARBIZON-Les-Charmettes-siron-E.L.D..jpg?resize=300%2C198&amp;ssl=1 300w, https:\/\/i0.wp.com\/www.grappilles.fr\/wp-content\/uploads\/2023\/02\/113-BARBIZON-Les-Charmettes-siron-E.L.D..jpg?resize=768%2C508&amp;ssl=1 768w, https:\/\/i0.wp.com\/www.grappilles.fr\/wp-content\/uploads\/2023\/02\/113-BARBIZON-Les-Charmettes-siron-E.L.D..jpg?resize=1536%2C1016&amp;ssl=1 1536w, https:\/\/i0.wp.com\/www.grappilles.fr\/wp-content\/uploads\/2023\/02\/113-BARBIZON-Les-Charmettes-siron-E.L.D..jpg?w=1578&amp;ssl=1 1578w\" sizes=\"auto, (max-width: 1000px) 100vw, 1000px\" \/><figcaption class=\"wp-element-caption\">ici vers 1910<\/figcaption><\/figure>\n<\/figure>\n\n\n\n<p class=\"has-medium-font-size\">Le tramway lui amenait entre 2000 et 3000 visiteurs dans les meilleurs moments d&rsquo;avant guerre (1914). <\/p>\n\n\n\n<figure class=\"wp-block-image size-full is-resized\"><img data-recalc-dims=\"1\" loading=\"lazy\" decoding=\"async\" width=\"285\" height=\"430\" src=\"https:\/\/i0.wp.com\/www.grappilles.fr\/wp-content\/uploads\/2023\/03\/Capture-1.jpg?resize=285%2C430&#038;ssl=1\" alt=\"Carte-photo \u00e9dit\u00e9e par  R.Guilleminot,Boespflug et Cie,Paris \" class=\"wp-image-1579\" style=\"width:278px;height:auto\" srcset=\"https:\/\/i0.wp.com\/www.grappilles.fr\/wp-content\/uploads\/2023\/03\/Capture-1.jpg?w=285&amp;ssl=1 285w, https:\/\/i0.wp.com\/www.grappilles.fr\/wp-content\/uploads\/2023\/03\/Capture-1.jpg?resize=199%2C300&amp;ssl=1 199w\" sizes=\"auto, (max-width: 285px) 100vw, 285px\" \/><\/figure>\n\n\n\n<p class=\"is-style-text-subtitle has-medium-font-size is-style-text-subtitle--2\" style=\"text-transform:lowercase\">Carte Photo groupe photographi\u00e9 Grande Rue \u00e0 Barbizon devant l&rsquo;H\u00f4tel Les Charmettes<br>Guilleminot et la photographie : une histoire de famille<br>En 1858, Gustave Guilleminot (1830-1895) cr\u00e9e \u00e0 Paris une fabrique de<br>produits photographiques (plaques de verre, collodion, papiers sal\u00e9s ou<br>albumines, cuvettes pour d\u00e9veloppement, objectifs\u2026). Tr\u00e8s vite, il s\u2019agrandit et<br>ouvre une usine \u00e0 Aubervilliers mais celle-ci est d\u00e9truite lors de la guerre<br>franco-prussienne. Il recr\u00e9e un petit atelier \u00e0 Paris puis avec l\u2019aide de son fils<br>Ren\u00e9, il d\u00e9veloppe l\u2019entreprise et la transf\u00e8re en 1892-93 \u00e0 Chantilly dans une<br>ancienne filature. Tous les membres de la famille se r\u00e9v\u00e8lent audacieux et<br>investis dans la soci\u00e9t\u00e9 : Gustave cr\u00e9e des plaques au g\u00e9latino-bromure<br>d\u2019argent baptis\u00e9es \u00abLa Parfaite\u00bb qui feront la r\u00e9putation de son entreprise, son fils Ren\u00e9, ing\u00e9nieur chimiste ne cesse d\u2019am\u00e9liorer la sensibilit\u00e9 des plaques, puis invente le barytage, un proc\u00e9d\u00e9 unique qui am\u00e9liore la qualit\u00e9 du papier,<br>sa fille Berthe, \u00e9pouse en 1898, un Alsacien dipl\u00f4m\u00e9 d\u2019H.E.C., \u00c9mile Boespflug<br>(1869-1951), ing\u00e9nieur, qui devint associ\u00e9 et prend la direction financi\u00e8re et<br>commerciale de la soci\u00e9t\u00e9. La famille Guilleminot multiplie les brevets,<br>diversifie sa production : surfaces sensibles pour les arts graphiques,<br>microfilms, papier pour radio m\u00e9dicale, \u00e9dition de cartes postales\u2026<\/p>\n\n\n\n<h2 class=\"wp-block-heading\">Situation en 1901<\/h2>\n\n\n\n<p class=\"has-small-font-size\">Schaller Emile      chef de m\u00e9nage            ch paris &nbsp; &nbsp; &nbsp; &nbsp; 1860 h\u00f4telier patron<\/p>\n\n\n\n<p class=\"has-small-font-size\"> Calleret Marguerite   femme                      ch paris &nbsp; &nbsp; &nbsp; &nbsp; 1865 h\u00f4teli\u00e8re patron <\/p>\n\n\n\n<p class=\"has-small-font-size\">Schaller Georges    enfant                           ch paris &nbsp; &nbsp; &nbsp; &nbsp; 1891 sans pro. &nbsp; <\/p>\n\n\n\n<p class=\"has-small-font-size\">Schaller Justin      fr\u00e8re                                ch paris &nbsp; &nbsp; &nbsp; &nbsp; 1869 employ\u00e9 &nbsp; <\/p>\n\n\n\n<p class=\"has-small-font-size\">Triquet Clara                                         employ\u00e9e f &nbsp; &nbsp; &nbsp; &nbsp; &nbsp; 1871 domestique &nbsp; <\/p>\n\n\n\n<p class=\"has-small-font-size\">Rameau Armand                                      employ\u00e9 f &nbsp; &nbsp; &nbsp; &nbsp; &nbsp; 1878 domestique &nbsp; <\/p>\n\n\n\n<p class=\"has-small-font-size\">Bellemain Madeleine                               employ\u00e9e f &nbsp; &nbsp; &nbsp; &nbsp; &nbsp;1873 domestique &nbsp; <\/p>\n\n\n\n<p class=\"has-small-font-size\">Colline Maurice                                         employ\u00e9 f &nbsp; &nbsp; &nbsp; &nbsp; &nbsp; 1868 domestique <\/p>\n\n\n\n<div class=\"wp-block-columns is-layout-flex wp-container-core-columns-is-layout-28f84493 wp-block-columns-is-layout-flex\">\n<div class=\"wp-block-column is-layout-flow wp-block-column-is-layout-flow\">\n<figure class=\"wp-block-image size-full\"><img data-recalc-dims=\"1\" loading=\"lazy\" decoding=\"async\" width=\"549\" height=\"338\" src=\"https:\/\/i0.wp.com\/www.grappilles.fr\/wp-content\/uploads\/2023\/03\/maisob-siron-dememanD2.jpg?resize=549%2C338\" alt=\"\" class=\"wp-image-1091\" srcset=\"https:\/\/i0.wp.com\/www.grappilles.fr\/wp-content\/uploads\/2023\/03\/maisob-siron-dememanD2.jpg?w=549&amp;ssl=1 549w, https:\/\/i0.wp.com\/www.grappilles.fr\/wp-content\/uploads\/2023\/03\/maisob-siron-dememanD2.jpg?resize=300%2C185&amp;ssl=1 300w, https:\/\/i0.wp.com\/www.grappilles.fr\/wp-content\/uploads\/2023\/03\/maisob-siron-dememanD2.jpg?resize=200%2C123&amp;ssl=1 200w\" sizes=\"auto, (max-width: 549px) 100vw, 549px\" \/><figcaption class=\"wp-element-caption\">Carte postale de 1901 de Suisse <\/figcaption><\/figure>\n<\/div>\n\n\n\n<div class=\"wp-block-column is-layout-flow wp-block-column-is-layout-flow\">\n<figure class=\"wp-block-image size-full\"><img data-recalc-dims=\"1\" loading=\"lazy\" decoding=\"async\" width=\"553\" height=\"357\" src=\"https:\/\/i0.wp.com\/www.grappilles.fr\/wp-content\/uploads\/2023\/03\/schaller-georges-D5.jpg?resize=553%2C357\" alt=\"\" class=\"wp-image-1153\" srcset=\"https:\/\/i0.wp.com\/www.grappilles.fr\/wp-content\/uploads\/2023\/03\/schaller-georges-D5.jpg?w=553&amp;ssl=1 553w, https:\/\/i0.wp.com\/www.grappilles.fr\/wp-content\/uploads\/2023\/03\/schaller-georges-D5.jpg?resize=300%2C194&amp;ssl=1 300w, https:\/\/i0.wp.com\/www.grappilles.fr\/wp-content\/uploads\/2023\/03\/schaller-georges-D5.jpg?resize=200%2C129&amp;ssl=1 200w\" sizes=\"auto, (max-width: 553px) 100vw, 553px\" \/><figcaption class=\"wp-element-caption\">Carte postale de 1906 de Suisse<\/figcaption><\/figure>\n<\/div>\n<\/div>\n\n\n\n<h2 class=\"wp-block-heading\">Situation en 1906<\/h2>\n\n\n\n<p>Schaller Emile Chef de m\u00e9nage Suisse Paris                         1860 h\u00f4telier patron<br>Schaller Marguerite femme Suisse Paris                                1850 H\u00f4teli\u00e8re M.Schaller<br>Schaller Georges fils Suisse Paris                                           1891<br>Mallet Emile beau-fr\u00e8re F Ch\u00e2tres                                          1847 maitre-h\u00f4tel M.Schaller<br>Eyger Friesba domestique Suisse Longnan Suisse                  1885 domestique d&rsquo;hotel M.Schaller<br>Vasseli C\u00e9line domestique Italienne Coni Pi\u00e9mont                 1873 domestique d&rsquo;hotel M.Schaller<br>Hpuilery Alfred domestique F Neuvy en baune (C\u00f4te d&rsquo;or)     1870 journalier M.Schaller<br>Oreiln Alice domestique F Paris                                               1895 domestique d&rsquo;hotel M.Schaller<\/p>\n\n\n\n<figure class=\"wp-block-image size-full is-resized\"><img data-recalc-dims=\"1\" loading=\"lazy\" decoding=\"async\" width=\"891\" height=\"999\" src=\"https:\/\/i0.wp.com\/www.grappilles.fr\/wp-content\/uploads\/2023\/03\/invitation-photo-pour.jpg?resize=891%2C999\" alt=\"\" class=\"wp-image-1156\" style=\"width:446px;height:500px\" srcset=\"https:\/\/i0.wp.com\/www.grappilles.fr\/wp-content\/uploads\/2023\/03\/invitation-photo-pour.jpg?w=891&amp;ssl=1 891w, https:\/\/i0.wp.com\/www.grappilles.fr\/wp-content\/uploads\/2023\/03\/invitation-photo-pour.jpg?resize=268%2C300&amp;ssl=1 268w, https:\/\/i0.wp.com\/www.grappilles.fr\/wp-content\/uploads\/2023\/03\/invitation-photo-pour.jpg?resize=768%2C861&amp;ssl=1 768w, https:\/\/i0.wp.com\/www.grappilles.fr\/wp-content\/uploads\/2023\/03\/invitation-photo-pour.jpg?resize=200%2C224&amp;ssl=1 200w\" sizes=\"auto, (max-width: 891px) 100vw, 891px\" \/><figcaption class=\"wp-element-caption\">Arriv\u00e9e du train devant les Charmettes<\/figcaption><\/figure>\n\n\n\n<p>voir un autre article sur la famille Schaller , l&rsquo;aventure Mon\u00e9gasque <a href=\"http:\/\/www.grappilles.fr\/index.php\/2023\/11\/10\/alexandra-hotel\/\">http:\/\/www.grappilles.fr\/index.php\/2023\/11\/10\/alexandra-hotel\/<\/a><\/p>\n\n\n\n<p><\/p>\n","protected":false},"excerpt":{"rendered":"<p>La saga d&rsquo;une famille Suisses \u00e0 Barbizon les Schaller Les Schaller , famille originaire de Suisse, sont venu s&rsquo;\u00e9tablir \u00e0 Barbizon \u00e0 la suite du d\u00e9c\u00e8s d&rsquo;un autre Suisse , Karl Bodmer, mort \u00e0 Paris en 1893. L&rsquo;arriv\u00e9e du tramway de la gare de Melun y est pour quelque chose. L&rsquo;\u00e9tablissement devient une r\u00e9f\u00e9rence pour [&hellip;]<\/p>\n","protected":false},"author":1,"featured_media":0,"comment_status":"open","ping_status":"open","sticky":false,"template":"","format":"standard","meta":{"_monsterinsights_skip_tracking":false,"_monsterinsights_sitenote_active":false,"_monsterinsights_sitenote_note":"","_monsterinsights_sitenote_category":0,"_jetpack_memberships_contains_paid_content":false,"footnotes":""},"categories":[22],"tags":[],"post_folder":[25],"class_list":["post-1112","post","type-post","status-publish","format-standard","hentry","category-constructions-collectives"],"yoast_head":"<!-- This site is optimized with the Yoast SEO plugin v27.5 - https:\/\/yoast.com\/product\/yoast-seo-wordpress\/ -->\n<title>Les Charmettes - Barbizon Histoire et Patrimoine<\/title>\n<meta name=\"robots\" content=\"index, follow, max-snippet:-1, max-image-preview:large, max-video-preview:-1\" \/>\n<link rel=\"canonical\" href=\"https:\/\/www.grappilles.fr\/index.php\/2023\/03\/20\/les-charmettes-2\/\" \/>\n<meta property=\"og:locale\" content=\"fr_FR\" \/>\n<meta property=\"og:type\" content=\"article\" \/>\n<meta property=\"og:title\" content=\"Les Charmettes - Barbizon Histoire et Patrimoine\" \/>\n<meta property=\"og:description\" content=\"La saga d&rsquo;une famille Suisses \u00e0 Barbizon les Schaller Les Schaller , famille originaire de Suisse, sont venu s&rsquo;\u00e9tablir \u00e0 Barbizon \u00e0 la suite du d\u00e9c\u00e8s d&rsquo;un autre Suisse , Karl Bodmer, mort \u00e0 Paris en 1893. L&rsquo;arriv\u00e9e du tramway de la gare de Melun y est pour quelque chose. L&rsquo;\u00e9tablissement devient une r\u00e9f\u00e9rence pour [&hellip;]\" \/>\n<meta property=\"og:url\" content=\"https:\/\/www.grappilles.fr\/index.php\/2023\/03\/20\/les-charmettes-2\/\" \/>\n<meta property=\"og:site_name\" content=\"Barbizon Histoire et Patrimoine\" \/>\n<meta property=\"article:publisher\" content=\"https:\/\/www.facebook.com\/grappillons\" \/>\n<meta property=\"article:author\" content=\"https:\/\/www.facebook.com\/grappillons\" \/>\n<meta property=\"article:published_time\" content=\"2023-03-20T14:30:35+00:00\" \/>\n<meta property=\"article:modified_time\" content=\"2025-03-27T21:36:20+00:00\" \/>\n<meta property=\"og:image\" content=\"http:\/\/www.grappilles.fr\/wp-content\/uploads\/2023\/02\/Barbizon-hotel-les-Charmettes-schaller-voitures.jpg\" \/>\n<meta name=\"author\" content=\"pregra66\" \/>\n<meta name=\"twitter:card\" content=\"summary_large_image\" \/>\n<meta name=\"twitter:label1\" content=\"\u00c9crit par\" \/>\n\t<meta name=\"twitter:data1\" content=\"pregra66\" \/>\n\t<meta name=\"twitter:label2\" content=\"Dur\u00e9e de lecture estim\u00e9e\" \/>\n\t<meta name=\"twitter:data2\" content=\"4 minutes\" \/>\n<script type=\"application\/ld+json\" class=\"yoast-schema-graph\">{\"@context\":\"https:\\\/\\\/schema.org\",\"@graph\":[{\"@type\":\"Article\",\"@id\":\"https:\\\/\\\/www.grappilles.fr\\\/index.php\\\/2023\\\/03\\\/20\\\/les-charmettes-2\\\/#article\",\"isPartOf\":{\"@id\":\"https:\\\/\\\/www.grappilles.fr\\\/index.php\\\/2023\\\/03\\\/20\\\/les-charmettes-2\\\/\"},\"author\":{\"name\":\"pregra66\",\"@id\":\"https:\\\/\\\/www.grappilles.fr\\\/#\\\/schema\\\/person\\\/ac28443c00453ca743f16066ae01a8a7\"},\"headline\":\"Les Charmettes\",\"datePublished\":\"2023-03-20T14:30:35+00:00\",\"dateModified\":\"2025-03-27T21:36:20+00:00\",\"mainEntityOfPage\":{\"@id\":\"https:\\\/\\\/www.grappilles.fr\\\/index.php\\\/2023\\\/03\\\/20\\\/les-charmettes-2\\\/\"},\"wordCount\":532,\"commentCount\":0,\"publisher\":{\"@id\":\"https:\\\/\\\/www.grappilles.fr\\\/#\\\/schema\\\/person\\\/ac28443c00453ca743f16066ae01a8a7\"},\"image\":{\"@id\":\"https:\\\/\\\/www.grappilles.fr\\\/index.php\\\/2023\\\/03\\\/20\\\/les-charmettes-2\\\/#primaryimage\"},\"thumbnailUrl\":\"http:\\\/\\\/www.grappilles.fr\\\/wp-content\\\/uploads\\\/2023\\\/02\\\/Barbizon-hotel-les-Charmettes-schaller-voitures.jpg\",\"articleSection\":[\"Constructions Collectives\"],\"inLanguage\":\"fr-FR\",\"potentialAction\":[{\"@type\":\"CommentAction\",\"name\":\"Comment\",\"target\":[\"https:\\\/\\\/www.grappilles.fr\\\/index.php\\\/2023\\\/03\\\/20\\\/les-charmettes-2\\\/#respond\"]}]},{\"@type\":\"WebPage\",\"@id\":\"https:\\\/\\\/www.grappilles.fr\\\/index.php\\\/2023\\\/03\\\/20\\\/les-charmettes-2\\\/\",\"url\":\"https:\\\/\\\/www.grappilles.fr\\\/index.php\\\/2023\\\/03\\\/20\\\/les-charmettes-2\\\/\",\"name\":\"Les Charmettes - Barbizon Histoire et Patrimoine\",\"isPartOf\":{\"@id\":\"https:\\\/\\\/www.grappilles.fr\\\/#website\"},\"primaryImageOfPage\":{\"@id\":\"https:\\\/\\\/www.grappilles.fr\\\/index.php\\\/2023\\\/03\\\/20\\\/les-charmettes-2\\\/#primaryimage\"},\"image\":{\"@id\":\"https:\\\/\\\/www.grappilles.fr\\\/index.php\\\/2023\\\/03\\\/20\\\/les-charmettes-2\\\/#primaryimage\"},\"thumbnailUrl\":\"http:\\\/\\\/www.grappilles.fr\\\/wp-content\\\/uploads\\\/2023\\\/02\\\/Barbizon-hotel-les-Charmettes-schaller-voitures.jpg\",\"datePublished\":\"2023-03-20T14:30:35+00:00\",\"dateModified\":\"2025-03-27T21:36:20+00:00\",\"breadcrumb\":{\"@id\":\"https:\\\/\\\/www.grappilles.fr\\\/index.php\\\/2023\\\/03\\\/20\\\/les-charmettes-2\\\/#breadcrumb\"},\"inLanguage\":\"fr-FR\",\"potentialAction\":[{\"@type\":\"ReadAction\",\"target\":[\"https:\\\/\\\/www.grappilles.fr\\\/index.php\\\/2023\\\/03\\\/20\\\/les-charmettes-2\\\/\"]}]},{\"@type\":\"ImageObject\",\"inLanguage\":\"fr-FR\",\"@id\":\"https:\\\/\\\/www.grappilles.fr\\\/index.php\\\/2023\\\/03\\\/20\\\/les-charmettes-2\\\/#primaryimage\",\"url\":\"https:\\\/\\\/i0.wp.com\\\/www.grappilles.fr\\\/wp-content\\\/uploads\\\/2023\\\/02\\\/Barbizon-hotel-les-Charmettes-schaller-voitures.jpg?fit=890%2C872&ssl=1\",\"contentUrl\":\"https:\\\/\\\/i0.wp.com\\\/www.grappilles.fr\\\/wp-content\\\/uploads\\\/2023\\\/02\\\/Barbizon-hotel-les-Charmettes-schaller-voitures.jpg?fit=890%2C872&ssl=1\",\"width\":890,\"height\":872},{\"@type\":\"BreadcrumbList\",\"@id\":\"https:\\\/\\\/www.grappilles.fr\\\/index.php\\\/2023\\\/03\\\/20\\\/les-charmettes-2\\\/#breadcrumb\",\"itemListElement\":[{\"@type\":\"ListItem\",\"position\":1,\"name\":\"Accueil\",\"item\":\"https:\\\/\\\/www.grappilles.fr\\\/\"},{\"@type\":\"ListItem\",\"position\":2,\"name\":\"Les Charmettes\"}]},{\"@type\":\"WebSite\",\"@id\":\"https:\\\/\\\/www.grappilles.fr\\\/#website\",\"url\":\"https:\\\/\\\/www.grappilles.fr\\\/\",\"name\":\"Barbizon Histoire et Patrimoine\",\"description\":\"une r\u00e9alisation les grappilles de la For\u00eat\",\"publisher\":{\"@id\":\"https:\\\/\\\/www.grappilles.fr\\\/#\\\/schema\\\/person\\\/ac28443c00453ca743f16066ae01a8a7\"},\"potentialAction\":[{\"@type\":\"SearchAction\",\"target\":{\"@type\":\"EntryPoint\",\"urlTemplate\":\"https:\\\/\\\/www.grappilles.fr\\\/?s={search_term_string}\"},\"query-input\":{\"@type\":\"PropertyValueSpecification\",\"valueRequired\":true,\"valueName\":\"search_term_string\"}}],\"inLanguage\":\"fr-FR\"},{\"@type\":[\"Person\",\"Organization\"],\"@id\":\"https:\\\/\\\/www.grappilles.fr\\\/#\\\/schema\\\/person\\\/ac28443c00453ca743f16066ae01a8a7\",\"name\":\"pregra66\",\"image\":{\"@type\":\"ImageObject\",\"inLanguage\":\"fr-FR\",\"@id\":\"https:\\\/\\\/i0.wp.com\\\/www.grappilles.fr\\\/wp-content\\\/uploads\\\/2024\\\/03\\\/logo-Les-GDLF.jpg?fit=254%2C231&ssl=1\",\"url\":\"https:\\\/\\\/i0.wp.com\\\/www.grappilles.fr\\\/wp-content\\\/uploads\\\/2024\\\/03\\\/logo-Les-GDLF.jpg?fit=254%2C231&ssl=1\",\"contentUrl\":\"https:\\\/\\\/i0.wp.com\\\/www.grappilles.fr\\\/wp-content\\\/uploads\\\/2024\\\/03\\\/logo-Les-GDLF.jpg?fit=254%2C231&ssl=1\",\"width\":254,\"height\":231,\"caption\":\"pregra66\"},\"logo\":{\"@id\":\"https:\\\/\\\/i0.wp.com\\\/www.grappilles.fr\\\/wp-content\\\/uploads\\\/2024\\\/03\\\/logo-Les-GDLF.jpg?fit=254%2C231&ssl=1\"},\"sameAs\":[\"http:\\\/\\\/www.grappilles.fr\",\"https:\\\/\\\/www.facebook.com\\\/grappillons\"],\"url\":\"https:\\\/\\\/www.grappilles.fr\\\/index.php\\\/author\\\/pregra66\\\/\"}]}<\/script>\n<!-- \/ Yoast SEO plugin. -->","yoast_head_json":{"title":"Les Charmettes - Barbizon Histoire et Patrimoine","robots":{"index":"index","follow":"follow","max-snippet":"max-snippet:-1","max-image-preview":"max-image-preview:large","max-video-preview":"max-video-preview:-1"},"canonical":"https:\/\/www.grappilles.fr\/index.php\/2023\/03\/20\/les-charmettes-2\/","og_locale":"fr_FR","og_type":"article","og_title":"Les Charmettes - Barbizon Histoire et Patrimoine","og_description":"La saga d&rsquo;une famille Suisses \u00e0 Barbizon les Schaller Les Schaller , famille originaire de Suisse, sont venu s&rsquo;\u00e9tablir \u00e0 Barbizon \u00e0 la suite du d\u00e9c\u00e8s d&rsquo;un autre Suisse , Karl Bodmer, mort \u00e0 Paris en 1893. L&rsquo;arriv\u00e9e du tramway de la gare de Melun y est pour quelque chose. L&rsquo;\u00e9tablissement devient une r\u00e9f\u00e9rence pour [&hellip;]","og_url":"https:\/\/www.grappilles.fr\/index.php\/2023\/03\/20\/les-charmettes-2\/","og_site_name":"Barbizon Histoire et Patrimoine","article_publisher":"https:\/\/www.facebook.com\/grappillons","article_author":"https:\/\/www.facebook.com\/grappillons","article_published_time":"2023-03-20T14:30:35+00:00","article_modified_time":"2025-03-27T21:36:20+00:00","og_image":[{"url":"http:\/\/www.grappilles.fr\/wp-content\/uploads\/2023\/02\/Barbizon-hotel-les-Charmettes-schaller-voitures.jpg","type":"","width":"","height":""}],"author":"pregra66","twitter_card":"summary_large_image","twitter_misc":{"\u00c9crit par":"pregra66","Dur\u00e9e de lecture estim\u00e9e":"4 minutes"},"schema":{"@context":"https:\/\/schema.org","@graph":[{"@type":"Article","@id":"https:\/\/www.grappilles.fr\/index.php\/2023\/03\/20\/les-charmettes-2\/#article","isPartOf":{"@id":"https:\/\/www.grappilles.fr\/index.php\/2023\/03\/20\/les-charmettes-2\/"},"author":{"name":"pregra66","@id":"https:\/\/www.grappilles.fr\/#\/schema\/person\/ac28443c00453ca743f16066ae01a8a7"},"headline":"Les Charmettes","datePublished":"2023-03-20T14:30:35+00:00","dateModified":"2025-03-27T21:36:20+00:00","mainEntityOfPage":{"@id":"https:\/\/www.grappilles.fr\/index.php\/2023\/03\/20\/les-charmettes-2\/"},"wordCount":532,"commentCount":0,"publisher":{"@id":"https:\/\/www.grappilles.fr\/#\/schema\/person\/ac28443c00453ca743f16066ae01a8a7"},"image":{"@id":"https:\/\/www.grappilles.fr\/index.php\/2023\/03\/20\/les-charmettes-2\/#primaryimage"},"thumbnailUrl":"http:\/\/www.grappilles.fr\/wp-content\/uploads\/2023\/02\/Barbizon-hotel-les-Charmettes-schaller-voitures.jpg","articleSection":["Constructions Collectives"],"inLanguage":"fr-FR","potentialAction":[{"@type":"CommentAction","name":"Comment","target":["https:\/\/www.grappilles.fr\/index.php\/2023\/03\/20\/les-charmettes-2\/#respond"]}]},{"@type":"WebPage","@id":"https:\/\/www.grappilles.fr\/index.php\/2023\/03\/20\/les-charmettes-2\/","url":"https:\/\/www.grappilles.fr\/index.php\/2023\/03\/20\/les-charmettes-2\/","name":"Les Charmettes - Barbizon Histoire et Patrimoine","isPartOf":{"@id":"https:\/\/www.grappilles.fr\/#website"},"primaryImageOfPage":{"@id":"https:\/\/www.grappilles.fr\/index.php\/2023\/03\/20\/les-charmettes-2\/#primaryimage"},"image":{"@id":"https:\/\/www.grappilles.fr\/index.php\/2023\/03\/20\/les-charmettes-2\/#primaryimage"},"thumbnailUrl":"http:\/\/www.grappilles.fr\/wp-content\/uploads\/2023\/02\/Barbizon-hotel-les-Charmettes-schaller-voitures.jpg","datePublished":"2023-03-20T14:30:35+00:00","dateModified":"2025-03-27T21:36:20+00:00","breadcrumb":{"@id":"https:\/\/www.grappilles.fr\/index.php\/2023\/03\/20\/les-charmettes-2\/#breadcrumb"},"inLanguage":"fr-FR","potentialAction":[{"@type":"ReadAction","target":["https:\/\/www.grappilles.fr\/index.php\/2023\/03\/20\/les-charmettes-2\/"]}]},{"@type":"ImageObject","inLanguage":"fr-FR","@id":"https:\/\/www.grappilles.fr\/index.php\/2023\/03\/20\/les-charmettes-2\/#primaryimage","url":"https:\/\/i0.wp.com\/www.grappilles.fr\/wp-content\/uploads\/2023\/02\/Barbizon-hotel-les-Charmettes-schaller-voitures.jpg?fit=890%2C872&ssl=1","contentUrl":"https:\/\/i0.wp.com\/www.grappilles.fr\/wp-content\/uploads\/2023\/02\/Barbizon-hotel-les-Charmettes-schaller-voitures.jpg?fit=890%2C872&ssl=1","width":890,"height":872},{"@type":"BreadcrumbList","@id":"https:\/\/www.grappilles.fr\/index.php\/2023\/03\/20\/les-charmettes-2\/#breadcrumb","itemListElement":[{"@type":"ListItem","position":1,"name":"Accueil","item":"https:\/\/www.grappilles.fr\/"},{"@type":"ListItem","position":2,"name":"Les Charmettes"}]},{"@type":"WebSite","@id":"https:\/\/www.grappilles.fr\/#website","url":"https:\/\/www.grappilles.fr\/","name":"Barbizon Histoire et Patrimoine","description":"une r\u00e9alisation les grappilles de la For\u00eat","publisher":{"@id":"https:\/\/www.grappilles.fr\/#\/schema\/person\/ac28443c00453ca743f16066ae01a8a7"},"potentialAction":[{"@type":"SearchAction","target":{"@type":"EntryPoint","urlTemplate":"https:\/\/www.grappilles.fr\/?s={search_term_string}"},"query-input":{"@type":"PropertyValueSpecification","valueRequired":true,"valueName":"search_term_string"}}],"inLanguage":"fr-FR"},{"@type":["Person","Organization"],"@id":"https:\/\/www.grappilles.fr\/#\/schema\/person\/ac28443c00453ca743f16066ae01a8a7","name":"pregra66","image":{"@type":"ImageObject","inLanguage":"fr-FR","@id":"https:\/\/i0.wp.com\/www.grappilles.fr\/wp-content\/uploads\/2024\/03\/logo-Les-GDLF.jpg?fit=254%2C231&ssl=1","url":"https:\/\/i0.wp.com\/www.grappilles.fr\/wp-content\/uploads\/2024\/03\/logo-Les-GDLF.jpg?fit=254%2C231&ssl=1","contentUrl":"https:\/\/i0.wp.com\/www.grappilles.fr\/wp-content\/uploads\/2024\/03\/logo-Les-GDLF.jpg?fit=254%2C231&ssl=1","width":254,"height":231,"caption":"pregra66"},"logo":{"@id":"https:\/\/i0.wp.com\/www.grappilles.fr\/wp-content\/uploads\/2024\/03\/logo-Les-GDLF.jpg?fit=254%2C231&ssl=1"},"sameAs":["http:\/\/www.grappilles.fr","https:\/\/www.facebook.com\/grappillons"],"url":"https:\/\/www.grappilles.fr\/index.php\/author\/pregra66\/"}]}},"jetpack_featured_media_url":"","jetpack-related-posts":[],"jetpack_sharing_enabled":true,"_links":{"self":[{"href":"https:\/\/www.grappilles.fr\/index.php\/wp-json\/wp\/v2\/posts\/1112","targetHints":{"allow":["GET"]}}],"collection":[{"href":"https:\/\/www.grappilles.fr\/index.php\/wp-json\/wp\/v2\/posts"}],"about":[{"href":"https:\/\/www.grappilles.fr\/index.php\/wp-json\/wp\/v2\/types\/post"}],"author":[{"embeddable":true,"href":"https:\/\/www.grappilles.fr\/index.php\/wp-json\/wp\/v2\/users\/1"}],"replies":[{"embeddable":true,"href":"https:\/\/www.grappilles.fr\/index.php\/wp-json\/wp\/v2\/comments?post=1112"}],"version-history":[{"count":10,"href":"https:\/\/www.grappilles.fr\/index.php\/wp-json\/wp\/v2\/posts\/1112\/revisions"}],"predecessor-version":[{"id":1583,"href":"https:\/\/www.grappilles.fr\/index.php\/wp-json\/wp\/v2\/posts\/1112\/revisions\/1583"}],"wp:attachment":[{"href":"https:\/\/www.grappilles.fr\/index.php\/wp-json\/wp\/v2\/media?parent=1112"}],"wp:term":[{"taxonomy":"category","embeddable":true,"href":"https:\/\/www.grappilles.fr\/index.php\/wp-json\/wp\/v2\/categories?post=1112"},{"taxonomy":"post_tag","embeddable":true,"href":"https:\/\/www.grappilles.fr\/index.php\/wp-json\/wp\/v2\/tags?post=1112"},{"taxonomy":"post_folder","embeddable":true,"href":"https:\/\/www.grappilles.fr\/index.php\/wp-json\/wp\/v2\/post_folder?post=1112"}],"curies":[{"name":"wp","href":"https:\/\/api.w.org\/{rel}","templated":true}]}}