{"id":318,"date":"2023-01-28T20:00:49","date_gmt":"2023-01-28T19:00:49","guid":{"rendered":"http:\/\/www.grappilles.fr\/?p=318"},"modified":"2023-06-07T14:52:57","modified_gmt":"2023-06-07T12:52:57","slug":"allee-des-freres-farman","status":"publish","type":"post","link":"https:\/\/www.grappilles.fr\/index.php\/2023\/01\/28\/allee-des-freres-farman\/","title":{"rendered":"All\u00e9e des Fr\u00e8res Farman"},"content":{"rendered":"\n<p class=\"has-medium-font-size\">situ\u00e9e entre le C.D.64 ou du 23 Ao\u00fbt et le Chemin de la Messe, il est une voie r\u00e9cente, inaugurer en m\u00eame temps que la premi\u00e8re reproduction de l&rsquo;avion qui permis le record de vol de Henri Farman, celui-ci a \u00e9t\u00e9 vol\u00e9 une seconde reproduction a subit le m\u00eame sort, celle qui est actuellement  visible est la troisi\u00e8me version !<\/p>\n\n\n\n<p class=\"has-medium-font-size\">La propri\u00e9t\u00e9 de Maurice Farman se trouvait en face entre le chemin de Samois longeait le chemin de la messe jusqu&rsquo;\u00e0 la rue du Champs Gauthier qui en marquait une autre limite. Elle est compos\u00e9 d&rsquo;une maison de maitre et d&rsquo;une plus petite pour le garage de v\u00e9hicules et de lieu de r\u00e9sidence pour le  gardien, la maison de Maurice Farman n&rsquo;existe plus que partiellement, la maison du gardien a \u00e9t\u00e9 conserver pendant longtemps comme \u00e0 son origine. de plus un ch\u00e2teau d&rsquo;eau \u00e0 \u00e9t\u00e9 construit pour arroser l&rsquo;\u00e9norme propri\u00e9t\u00e9 \u00e0 entrenuire ! Une piste pour l&rsquo;avion personnel de Maurice Farman existait aussi dans la propri\u00e9t\u00e9 ! d&rsquo;apr\u00e8s certaines personnes forts anciennes il semble que l&rsquo;avion se posait dans le champs situ\u00e9 derri\u00e8re la st\u00e8le comm\u00e9morative. C&rsquo;est fort possible en p\u00e9riode chaume d&rsquo;hivernage seulement.<\/p>\n\n\n\n<figure class=\"wp-block-image size-large is-resized\"><img data-recalc-dims=\"1\" loading=\"lazy\" decoding=\"async\" src=\"https:\/\/i0.wp.com\/www.grappilles.fr\/wp-content\/uploads\/2023\/02\/DOC1-article-sur-F40-et-Legende-sur-BARBIZON.jpg?resize=560%2C768\" alt=\"reproduction d'un article d'une aviatrice madame Louise Faure-Favier, se rendant en avion faire une visite \u00e0 une amie \" class=\"wp-image-437\" width=\"560\" height=\"768\" srcset=\"https:\/\/i0.wp.com\/www.grappilles.fr\/wp-content\/uploads\/2023\/02\/DOC1-article-sur-F40-et-Legende-sur-BARBIZON-scaled.jpg?resize=747%2C1024&amp;ssl=1 747w, https:\/\/i0.wp.com\/www.grappilles.fr\/wp-content\/uploads\/2023\/02\/DOC1-article-sur-F40-et-Legende-sur-BARBIZON-scaled.jpg?resize=219%2C300&amp;ssl=1 219w, https:\/\/i0.wp.com\/www.grappilles.fr\/wp-content\/uploads\/2023\/02\/DOC1-article-sur-F40-et-Legende-sur-BARBIZON-scaled.jpg?resize=768%2C1052&amp;ssl=1 768w, https:\/\/i0.wp.com\/www.grappilles.fr\/wp-content\/uploads\/2023\/02\/DOC1-article-sur-F40-et-Legende-sur-BARBIZON-scaled.jpg?resize=1121%2C1536&amp;ssl=1 1121w, https:\/\/i0.wp.com\/www.grappilles.fr\/wp-content\/uploads\/2023\/02\/DOC1-article-sur-F40-et-Legende-sur-BARBIZON-scaled.jpg?resize=1495%2C2048&amp;ssl=1 1495w, https:\/\/i0.wp.com\/www.grappilles.fr\/wp-content\/uploads\/2023\/02\/DOC1-article-sur-F40-et-Legende-sur-BARBIZON-scaled.jpg?w=1869&amp;ssl=1 1869w\" sizes=\"auto, (max-width: 560px) 100vw, 560px\" \/><\/figure>\n\n\n\n<figure class=\"wp-block-image size-large is-resized\"><img data-recalc-dims=\"1\" loading=\"lazy\" decoding=\"async\" src=\"https:\/\/i0.wp.com\/www.grappilles.fr\/wp-content\/uploads\/2023\/01\/20230202_111953.jpg?resize=626%2C768\" alt=\"\" class=\"wp-image-482\" width=\"626\" height=\"768\" srcset=\"https:\/\/i0.wp.com\/www.grappilles.fr\/wp-content\/uploads\/2023\/01\/20230202_111953.jpg?resize=835%2C1024&amp;ssl=1 835w, https:\/\/i0.wp.com\/www.grappilles.fr\/wp-content\/uploads\/2023\/01\/20230202_111953.jpg?resize=245%2C300&amp;ssl=1 245w, https:\/\/i0.wp.com\/www.grappilles.fr\/wp-content\/uploads\/2023\/01\/20230202_111953.jpg?resize=768%2C941&amp;ssl=1 768w, https:\/\/i0.wp.com\/www.grappilles.fr\/wp-content\/uploads\/2023\/01\/20230202_111953.jpg?resize=1253%2C1536&amp;ssl=1 1253w, https:\/\/i0.wp.com\/www.grappilles.fr\/wp-content\/uploads\/2023\/01\/20230202_111953.jpg?resize=1671%2C2048&amp;ssl=1 1671w, https:\/\/i0.wp.com\/www.grappilles.fr\/wp-content\/uploads\/2023\/01\/20230202_111953.jpg?w=1683&amp;ssl=1 1683w\" sizes=\"auto, (max-width: 626px) 100vw, 626px\" \/><figcaption class=\"wp-element-caption\">reproduction parut dans la revue l&rsquo;architecte <\/figcaption><\/figure>\n\n\n\n<p><a href=\"http:\/\/www.grappilles.fr\/index.php\/2023\/06\/07\/freres-farman\/\">Biographie des Fr\u00e8res Farman<\/a><\/p>\n","protected":false},"excerpt":{"rendered":"<p>situ\u00e9e entre le C.D.64 ou du 23 Ao\u00fbt et le Chemin de la Messe, il est une voie r\u00e9cente, inaugurer en m\u00eame temps que la premi\u00e8re reproduction de l&rsquo;avion qui permis le record de vol de Henri Farman, celui-ci a \u00e9t\u00e9 vol\u00e9 une seconde reproduction a subit le m\u00eame sort, celle qui est actuellement visible [&hellip;]<\/p>\n","protected":false},"author":1,"featured_media":0,"comment_status":"open","ping_status":"open","sticky":false,"template":"","format":"standard","meta":{"_monsterinsights_skip_tracking":false,"_monsterinsights_sitenote_active":false,"_monsterinsights_sitenote_note":"","_monsterinsights_sitenote_category":0,"_jetpack_memberships_contains_paid_content":false,"footnotes":""},"categories":[5],"tags":[],"post_folder":[11],"class_list":["post-318","post","type-post","status-publish","format-standard","hentry","category-voiries"],"yoast_head":"<!-- This site is optimized with the Yoast SEO plugin v27.5 - https:\/\/yoast.com\/product\/yoast-seo-wordpress\/ -->\n<title>All\u00e9e des Fr\u00e8res Farman - Barbizon Histoire et Patrimoine<\/title>\n<meta name=\"robots\" content=\"index, follow, max-snippet:-1, max-image-preview:large, max-video-preview:-1\" \/>\n<link rel=\"canonical\" href=\"https:\/\/www.grappilles.fr\/index.php\/2023\/01\/28\/allee-des-freres-farman\/\" \/>\n<meta property=\"og:locale\" content=\"fr_FR\" \/>\n<meta property=\"og:type\" content=\"article\" \/>\n<meta property=\"og:title\" content=\"All\u00e9e des Fr\u00e8res Farman - Barbizon Histoire et Patrimoine\" \/>\n<meta property=\"og:description\" content=\"situ\u00e9e entre le C.D.64 ou du 23 Ao\u00fbt et le Chemin de la Messe, il est une voie r\u00e9cente, inaugurer en m\u00eame temps que la premi\u00e8re reproduction de l&rsquo;avion qui permis le record de vol de Henri Farman, celui-ci a \u00e9t\u00e9 vol\u00e9 une seconde reproduction a subit le m\u00eame sort, celle qui est actuellement visible [&hellip;]\" \/>\n<meta property=\"og:url\" content=\"https:\/\/www.grappilles.fr\/index.php\/2023\/01\/28\/allee-des-freres-farman\/\" \/>\n<meta property=\"og:site_name\" content=\"Barbizon Histoire et Patrimoine\" \/>\n<meta property=\"article:publisher\" content=\"https:\/\/www.facebook.com\/grappillons\" \/>\n<meta property=\"article:author\" content=\"https:\/\/www.facebook.com\/grappillons\" \/>\n<meta property=\"article:published_time\" content=\"2023-01-28T19:00:49+00:00\" \/>\n<meta property=\"article:modified_time\" content=\"2023-06-07T12:52:57+00:00\" \/>\n<meta property=\"og:image\" content=\"http:\/\/www.grappilles.fr\/wp-content\/uploads\/2023\/02\/DOC1-article-sur-F40-et-Legende-sur-BARBIZON-747x1024.jpg\" \/>\n<meta name=\"author\" content=\"pregra66\" \/>\n<meta name=\"twitter:card\" content=\"summary_large_image\" \/>\n<meta name=\"twitter:label1\" content=\"\u00c9crit par\" \/>\n\t<meta name=\"twitter:data1\" content=\"pregra66\" \/>\n\t<meta name=\"twitter:label2\" content=\"Dur\u00e9e de lecture estim\u00e9e\" \/>\n\t<meta name=\"twitter:data2\" content=\"2 minutes\" \/>\n<script type=\"application\/ld+json\" class=\"yoast-schema-graph\">{\"@context\":\"https:\\\/\\\/schema.org\",\"@graph\":[{\"@type\":\"Article\",\"@id\":\"https:\\\/\\\/www.grappilles.fr\\\/index.php\\\/2023\\\/01\\\/28\\\/allee-des-freres-farman\\\/#article\",\"isPartOf\":{\"@id\":\"https:\\\/\\\/www.grappilles.fr\\\/index.php\\\/2023\\\/01\\\/28\\\/allee-des-freres-farman\\\/\"},\"author\":{\"name\":\"pregra66\",\"@id\":\"https:\\\/\\\/www.grappilles.fr\\\/#\\\/schema\\\/person\\\/ac28443c00453ca743f16066ae01a8a7\"},\"headline\":\"All\u00e9e des Fr\u00e8res Farman\",\"datePublished\":\"2023-01-28T19:00:49+00:00\",\"dateModified\":\"2023-06-07T12:52:57+00:00\",\"mainEntityOfPage\":{\"@id\":\"https:\\\/\\\/www.grappilles.fr\\\/index.php\\\/2023\\\/01\\\/28\\\/allee-des-freres-farman\\\/\"},\"wordCount\":235,\"commentCount\":0,\"publisher\":{\"@id\":\"https:\\\/\\\/www.grappilles.fr\\\/#\\\/schema\\\/person\\\/ac28443c00453ca743f16066ae01a8a7\"},\"image\":{\"@id\":\"https:\\\/\\\/www.grappilles.fr\\\/index.php\\\/2023\\\/01\\\/28\\\/allee-des-freres-farman\\\/#primaryimage\"},\"thumbnailUrl\":\"http:\\\/\\\/www.grappilles.fr\\\/wp-content\\\/uploads\\\/2023\\\/02\\\/DOC1-article-sur-F40-et-Legende-sur-BARBIZON-747x1024.jpg\",\"articleSection\":[\"Voiries\"],\"inLanguage\":\"fr-FR\",\"potentialAction\":[{\"@type\":\"CommentAction\",\"name\":\"Comment\",\"target\":[\"https:\\\/\\\/www.grappilles.fr\\\/index.php\\\/2023\\\/01\\\/28\\\/allee-des-freres-farman\\\/#respond\"]}]},{\"@type\":\"WebPage\",\"@id\":\"https:\\\/\\\/www.grappilles.fr\\\/index.php\\\/2023\\\/01\\\/28\\\/allee-des-freres-farman\\\/\",\"url\":\"https:\\\/\\\/www.grappilles.fr\\\/index.php\\\/2023\\\/01\\\/28\\\/allee-des-freres-farman\\\/\",\"name\":\"All\u00e9e des Fr\u00e8res Farman - Barbizon Histoire et Patrimoine\",\"isPartOf\":{\"@id\":\"https:\\\/\\\/www.grappilles.fr\\\/#website\"},\"primaryImageOfPage\":{\"@id\":\"https:\\\/\\\/www.grappilles.fr\\\/index.php\\\/2023\\\/01\\\/28\\\/allee-des-freres-farman\\\/#primaryimage\"},\"image\":{\"@id\":\"https:\\\/\\\/www.grappilles.fr\\\/index.php\\\/2023\\\/01\\\/28\\\/allee-des-freres-farman\\\/#primaryimage\"},\"thumbnailUrl\":\"http:\\\/\\\/www.grappilles.fr\\\/wp-content\\\/uploads\\\/2023\\\/02\\\/DOC1-article-sur-F40-et-Legende-sur-BARBIZON-747x1024.jpg\",\"datePublished\":\"2023-01-28T19:00:49+00:00\",\"dateModified\":\"2023-06-07T12:52:57+00:00\",\"breadcrumb\":{\"@id\":\"https:\\\/\\\/www.grappilles.fr\\\/index.php\\\/2023\\\/01\\\/28\\\/allee-des-freres-farman\\\/#breadcrumb\"},\"inLanguage\":\"fr-FR\",\"potentialAction\":[{\"@type\":\"ReadAction\",\"target\":[\"https:\\\/\\\/www.grappilles.fr\\\/index.php\\\/2023\\\/01\\\/28\\\/allee-des-freres-farman\\\/\"]}]},{\"@type\":\"ImageObject\",\"inLanguage\":\"fr-FR\",\"@id\":\"https:\\\/\\\/www.grappilles.fr\\\/index.php\\\/2023\\\/01\\\/28\\\/allee-des-freres-farman\\\/#primaryimage\",\"url\":\"https:\\\/\\\/i0.wp.com\\\/www.grappilles.fr\\\/wp-content\\\/uploads\\\/2023\\\/02\\\/DOC1-article-sur-F40-et-Legende-sur-BARBIZON-scaled.jpg?fit=1869%2C2560&ssl=1\",\"contentUrl\":\"https:\\\/\\\/i0.wp.com\\\/www.grappilles.fr\\\/wp-content\\\/uploads\\\/2023\\\/02\\\/DOC1-article-sur-F40-et-Legende-sur-BARBIZON-scaled.jpg?fit=1869%2C2560&ssl=1\",\"width\":1869,\"height\":2560},{\"@type\":\"BreadcrumbList\",\"@id\":\"https:\\\/\\\/www.grappilles.fr\\\/index.php\\\/2023\\\/01\\\/28\\\/allee-des-freres-farman\\\/#breadcrumb\",\"itemListElement\":[{\"@type\":\"ListItem\",\"position\":1,\"name\":\"Accueil\",\"item\":\"https:\\\/\\\/www.grappilles.fr\\\/\"},{\"@type\":\"ListItem\",\"position\":2,\"name\":\"All\u00e9e des Fr\u00e8res Farman\"}]},{\"@type\":\"WebSite\",\"@id\":\"https:\\\/\\\/www.grappilles.fr\\\/#website\",\"url\":\"https:\\\/\\\/www.grappilles.fr\\\/\",\"name\":\"Barbizon Histoire et Patrimoine\",\"description\":\"une r\u00e9alisation les grappilles de la For\u00eat\",\"publisher\":{\"@id\":\"https:\\\/\\\/www.grappilles.fr\\\/#\\\/schema\\\/person\\\/ac28443c00453ca743f16066ae01a8a7\"},\"potentialAction\":[{\"@type\":\"SearchAction\",\"target\":{\"@type\":\"EntryPoint\",\"urlTemplate\":\"https:\\\/\\\/www.grappilles.fr\\\/?s={search_term_string}\"},\"query-input\":{\"@type\":\"PropertyValueSpecification\",\"valueRequired\":true,\"valueName\":\"search_term_string\"}}],\"inLanguage\":\"fr-FR\"},{\"@type\":[\"Person\",\"Organization\"],\"@id\":\"https:\\\/\\\/www.grappilles.fr\\\/#\\\/schema\\\/person\\\/ac28443c00453ca743f16066ae01a8a7\",\"name\":\"pregra66\",\"image\":{\"@type\":\"ImageObject\",\"inLanguage\":\"fr-FR\",\"@id\":\"https:\\\/\\\/i0.wp.com\\\/www.grappilles.fr\\\/wp-content\\\/uploads\\\/2024\\\/03\\\/logo-Les-GDLF.jpg?fit=254%2C231&ssl=1\",\"url\":\"https:\\\/\\\/i0.wp.com\\\/www.grappilles.fr\\\/wp-content\\\/uploads\\\/2024\\\/03\\\/logo-Les-GDLF.jpg?fit=254%2C231&ssl=1\",\"contentUrl\":\"https:\\\/\\\/i0.wp.com\\\/www.grappilles.fr\\\/wp-content\\\/uploads\\\/2024\\\/03\\\/logo-Les-GDLF.jpg?fit=254%2C231&ssl=1\",\"width\":254,\"height\":231,\"caption\":\"pregra66\"},\"logo\":{\"@id\":\"https:\\\/\\\/i0.wp.com\\\/www.grappilles.fr\\\/wp-content\\\/uploads\\\/2024\\\/03\\\/logo-Les-GDLF.jpg?fit=254%2C231&ssl=1\"},\"sameAs\":[\"http:\\\/\\\/www.grappilles.fr\",\"https:\\\/\\\/www.facebook.com\\\/grappillons\"],\"url\":\"https:\\\/\\\/www.grappilles.fr\\\/index.php\\\/author\\\/pregra66\\\/\"}]}<\/script>\n<!-- \/ Yoast SEO plugin. -->","yoast_head_json":{"title":"All\u00e9e des Fr\u00e8res Farman - Barbizon Histoire et Patrimoine","robots":{"index":"index","follow":"follow","max-snippet":"max-snippet:-1","max-image-preview":"max-image-preview:large","max-video-preview":"max-video-preview:-1"},"canonical":"https:\/\/www.grappilles.fr\/index.php\/2023\/01\/28\/allee-des-freres-farman\/","og_locale":"fr_FR","og_type":"article","og_title":"All\u00e9e des Fr\u00e8res Farman - Barbizon Histoire et Patrimoine","og_description":"situ\u00e9e entre le C.D.64 ou du 23 Ao\u00fbt et le Chemin de la Messe, il est une voie r\u00e9cente, inaugurer en m\u00eame temps que la premi\u00e8re reproduction de l&rsquo;avion qui permis le record de vol de Henri Farman, celui-ci a \u00e9t\u00e9 vol\u00e9 une seconde reproduction a subit le m\u00eame sort, celle qui est actuellement visible [&hellip;]","og_url":"https:\/\/www.grappilles.fr\/index.php\/2023\/01\/28\/allee-des-freres-farman\/","og_site_name":"Barbizon Histoire et Patrimoine","article_publisher":"https:\/\/www.facebook.com\/grappillons","article_author":"https:\/\/www.facebook.com\/grappillons","article_published_time":"2023-01-28T19:00:49+00:00","article_modified_time":"2023-06-07T12:52:57+00:00","og_image":[{"url":"http:\/\/www.grappilles.fr\/wp-content\/uploads\/2023\/02\/DOC1-article-sur-F40-et-Legende-sur-BARBIZON-747x1024.jpg","type":"","width":"","height":""}],"author":"pregra66","twitter_card":"summary_large_image","twitter_misc":{"\u00c9crit par":"pregra66","Dur\u00e9e de lecture estim\u00e9e":"2 minutes"},"schema":{"@context":"https:\/\/schema.org","@graph":[{"@type":"Article","@id":"https:\/\/www.grappilles.fr\/index.php\/2023\/01\/28\/allee-des-freres-farman\/#article","isPartOf":{"@id":"https:\/\/www.grappilles.fr\/index.php\/2023\/01\/28\/allee-des-freres-farman\/"},"author":{"name":"pregra66","@id":"https:\/\/www.grappilles.fr\/#\/schema\/person\/ac28443c00453ca743f16066ae01a8a7"},"headline":"All\u00e9e des Fr\u00e8res Farman","datePublished":"2023-01-28T19:00:49+00:00","dateModified":"2023-06-07T12:52:57+00:00","mainEntityOfPage":{"@id":"https:\/\/www.grappilles.fr\/index.php\/2023\/01\/28\/allee-des-freres-farman\/"},"wordCount":235,"commentCount":0,"publisher":{"@id":"https:\/\/www.grappilles.fr\/#\/schema\/person\/ac28443c00453ca743f16066ae01a8a7"},"image":{"@id":"https:\/\/www.grappilles.fr\/index.php\/2023\/01\/28\/allee-des-freres-farman\/#primaryimage"},"thumbnailUrl":"http:\/\/www.grappilles.fr\/wp-content\/uploads\/2023\/02\/DOC1-article-sur-F40-et-Legende-sur-BARBIZON-747x1024.jpg","articleSection":["Voiries"],"inLanguage":"fr-FR","potentialAction":[{"@type":"CommentAction","name":"Comment","target":["https:\/\/www.grappilles.fr\/index.php\/2023\/01\/28\/allee-des-freres-farman\/#respond"]}]},{"@type":"WebPage","@id":"https:\/\/www.grappilles.fr\/index.php\/2023\/01\/28\/allee-des-freres-farman\/","url":"https:\/\/www.grappilles.fr\/index.php\/2023\/01\/28\/allee-des-freres-farman\/","name":"All\u00e9e des Fr\u00e8res Farman - Barbizon Histoire et Patrimoine","isPartOf":{"@id":"https:\/\/www.grappilles.fr\/#website"},"primaryImageOfPage":{"@id":"https:\/\/www.grappilles.fr\/index.php\/2023\/01\/28\/allee-des-freres-farman\/#primaryimage"},"image":{"@id":"https:\/\/www.grappilles.fr\/index.php\/2023\/01\/28\/allee-des-freres-farman\/#primaryimage"},"thumbnailUrl":"http:\/\/www.grappilles.fr\/wp-content\/uploads\/2023\/02\/DOC1-article-sur-F40-et-Legende-sur-BARBIZON-747x1024.jpg","datePublished":"2023-01-28T19:00:49+00:00","dateModified":"2023-06-07T12:52:57+00:00","breadcrumb":{"@id":"https:\/\/www.grappilles.fr\/index.php\/2023\/01\/28\/allee-des-freres-farman\/#breadcrumb"},"inLanguage":"fr-FR","potentialAction":[{"@type":"ReadAction","target":["https:\/\/www.grappilles.fr\/index.php\/2023\/01\/28\/allee-des-freres-farman\/"]}]},{"@type":"ImageObject","inLanguage":"fr-FR","@id":"https:\/\/www.grappilles.fr\/index.php\/2023\/01\/28\/allee-des-freres-farman\/#primaryimage","url":"https:\/\/i0.wp.com\/www.grappilles.fr\/wp-content\/uploads\/2023\/02\/DOC1-article-sur-F40-et-Legende-sur-BARBIZON-scaled.jpg?fit=1869%2C2560&ssl=1","contentUrl":"https:\/\/i0.wp.com\/www.grappilles.fr\/wp-content\/uploads\/2023\/02\/DOC1-article-sur-F40-et-Legende-sur-BARBIZON-scaled.jpg?fit=1869%2C2560&ssl=1","width":1869,"height":2560},{"@type":"BreadcrumbList","@id":"https:\/\/www.grappilles.fr\/index.php\/2023\/01\/28\/allee-des-freres-farman\/#breadcrumb","itemListElement":[{"@type":"ListItem","position":1,"name":"Accueil","item":"https:\/\/www.grappilles.fr\/"},{"@type":"ListItem","position":2,"name":"All\u00e9e des Fr\u00e8res Farman"}]},{"@type":"WebSite","@id":"https:\/\/www.grappilles.fr\/#website","url":"https:\/\/www.grappilles.fr\/","name":"Barbizon Histoire et Patrimoine","description":"une r\u00e9alisation les grappilles de la For\u00eat","publisher":{"@id":"https:\/\/www.grappilles.fr\/#\/schema\/person\/ac28443c00453ca743f16066ae01a8a7"},"potentialAction":[{"@type":"SearchAction","target":{"@type":"EntryPoint","urlTemplate":"https:\/\/www.grappilles.fr\/?s={search_term_string}"},"query-input":{"@type":"PropertyValueSpecification","valueRequired":true,"valueName":"search_term_string"}}],"inLanguage":"fr-FR"},{"@type":["Person","Organization"],"@id":"https:\/\/www.grappilles.fr\/#\/schema\/person\/ac28443c00453ca743f16066ae01a8a7","name":"pregra66","image":{"@type":"ImageObject","inLanguage":"fr-FR","@id":"https:\/\/i0.wp.com\/www.grappilles.fr\/wp-content\/uploads\/2024\/03\/logo-Les-GDLF.jpg?fit=254%2C231&ssl=1","url":"https:\/\/i0.wp.com\/www.grappilles.fr\/wp-content\/uploads\/2024\/03\/logo-Les-GDLF.jpg?fit=254%2C231&ssl=1","contentUrl":"https:\/\/i0.wp.com\/www.grappilles.fr\/wp-content\/uploads\/2024\/03\/logo-Les-GDLF.jpg?fit=254%2C231&ssl=1","width":254,"height":231,"caption":"pregra66"},"logo":{"@id":"https:\/\/i0.wp.com\/www.grappilles.fr\/wp-content\/uploads\/2024\/03\/logo-Les-GDLF.jpg?fit=254%2C231&ssl=1"},"sameAs":["http:\/\/www.grappilles.fr","https:\/\/www.facebook.com\/grappillons"],"url":"https:\/\/www.grappilles.fr\/index.php\/author\/pregra66\/"}]}},"jetpack_featured_media_url":"","jetpack-related-posts":[],"jetpack_sharing_enabled":true,"_links":{"self":[{"href":"https:\/\/www.grappilles.fr\/index.php\/wp-json\/wp\/v2\/posts\/318","targetHints":{"allow":["GET"]}}],"collection":[{"href":"https:\/\/www.grappilles.fr\/index.php\/wp-json\/wp\/v2\/posts"}],"about":[{"href":"https:\/\/www.grappilles.fr\/index.php\/wp-json\/wp\/v2\/types\/post"}],"author":[{"embeddable":true,"href":"https:\/\/www.grappilles.fr\/index.php\/wp-json\/wp\/v2\/users\/1"}],"replies":[{"embeddable":true,"href":"https:\/\/www.grappilles.fr\/index.php\/wp-json\/wp\/v2\/comments?post=318"}],"version-history":[{"count":7,"href":"https:\/\/www.grappilles.fr\/index.php\/wp-json\/wp\/v2\/posts\/318\/revisions"}],"predecessor-version":[{"id":1342,"href":"https:\/\/www.grappilles.fr\/index.php\/wp-json\/wp\/v2\/posts\/318\/revisions\/1342"}],"wp:attachment":[{"href":"https:\/\/www.grappilles.fr\/index.php\/wp-json\/wp\/v2\/media?parent=318"}],"wp:term":[{"taxonomy":"category","embeddable":true,"href":"https:\/\/www.grappilles.fr\/index.php\/wp-json\/wp\/v2\/categories?post=318"},{"taxonomy":"post_tag","embeddable":true,"href":"https:\/\/www.grappilles.fr\/index.php\/wp-json\/wp\/v2\/tags?post=318"},{"taxonomy":"post_folder","embeddable":true,"href":"https:\/\/www.grappilles.fr\/index.php\/wp-json\/wp\/v2\/post_folder?post=318"}],"curies":[{"name":"wp","href":"https:\/\/api.w.org\/{rel}","templated":true}]}}