{"id":492,"date":"2023-02-04T19:04:33","date_gmt":"2023-02-04T18:04:33","guid":{"rendered":"http:\/\/www.grappilles.fr\/?p=492"},"modified":"2023-04-30T16:15:49","modified_gmt":"2023-04-30T14:15:49","slug":"mairie","status":"publish","type":"post","link":"https:\/\/www.grappilles.fr\/index.php\/2023\/02\/04\/mairie\/","title":{"rendered":"Mairie"},"content":{"rendered":"\n<div class=\"wp-block-group has-global-padding is-layout-constrained wp-block-group-is-layout-constrained\">\n<p class=\"has-medium-font-size\">La mairie de Barbizon n&rsquo;a eu lieu d&rsquo;\u00eatre que lorsque le village est devenu une commune soit en 1904. Ce n&rsquo;est qu&rsquo;un an plus tard qu&rsquo;un habitant, monsieur Barbier fit une offre au conseil municipal en \u00e9tant vendeur d&rsquo;une maison, la villa Bagatelle, proche de l&rsquo;\u00e9cole communale. Le conseil apr\u00e8s en avoir d\u00e9lib\u00e8re se porte acqu\u00e9reur de cette maison pour y transporter la mairie , le logement du garde champ\u00eatres et dans un local situ\u00e9 en fond de propri\u00e9t\u00e9 les pompiers et un poste de police.<\/p>\n\n\n\n<p><\/p>\n\n\n\n<p class=\"has-medium-font-size\">le premier conseil municipal est install\u00e9;<\/p>\n\n\n\n<ul class=\"wp-block-list\">\n<li>Maire J.B. Comble<\/li>\n\n\n\n<li>Adjoint Jules Bourdois<\/li>\n\n\n\n<li>Caron Louis<\/li>\n\n\n\n<li>Lamirault<\/li>\n\n\n\n<li>Marier<\/li>\n\n\n\n<li>Marteau<\/li>\n\n\n\n<li>Meneux<\/li>\n\n\n\n<li>Millet Fran\u00e7ois<\/li>\n\n\n\n<li>Pochard sont \u00e9lus conseill\u00e9s.<\/li>\n<\/ul>\n\n\n\n<p class=\"has-medium-font-size\">15 mai 1904 on lieu les \u00e9lections  nationales pour le renouvellement des  listes municipales;<\/p>\n\n\n\n<ul class=\"wp-block-list\">\n<li>Maire Lamirault Andr\u00e9<\/li>\n\n\n\n<li>Adjoint Meneux Henri<\/li>\n\n\n\n<li>Bachelard<\/li>\n\n\n\n<li>Caron<\/li>\n\n\n\n<li>Bergerin Dominique<\/li>\n\n\n\n<li>Bergerin jules p\u00e8re<\/li>\n\n\n\n<li>Masson Eug\u00e8ne<\/li>\n\n\n\n<li>Millet Fran\u00e7ois<\/li>\n\n\n\n<li>Ribouillard L\u00e9on<\/li>\n\n\n\n<li>Vallette Henri sont \u00e9lus conseill\u00e9s.<\/li>\n<\/ul>\n\n\n\n<p class=\"has-medium-font-size\">En 1905 monsieur Barbier propose \u00e0 la municipalit\u00e9 l&rsquo;achat de la villa Bagatelle \u00e0 cot\u00e9 de l&rsquo;\u00e9cole publique. <\/p>\n\n\n\n<p class=\"has-medium-font-size\">17 Mai 1908 \u00e9lection  municipale;<\/p>\n\n\n\n<ul class=\"wp-block-list\">\n<li>Maire Binet F\u00e9lix<\/li>\n\n\n\n<li>Adjoint Caron Georges Auguste <\/li>\n\n\n\n<li>Meneux Henri<\/li>\n\n\n\n<li>Ribouilard Jules<\/li>\n\n\n\n<li>Lamirault Andr\u00e9 L\u00e9on<\/li>\n\n\n\n<li>Pochard Louis Julien<\/li>\n\n\n\n<li>Marier Charles<\/li>\n\n\n\n<li>Tourteaux Louis Alphonse<\/li>\n\n\n\n<li>Thorel Firmin Pierre Marteau Louis Corentin<\/li>\n\n\n\n<li>Marteau Louis Corentin sont \u00e9lus conseill\u00e9s.<\/li>\n<\/ul>\n\n\n\n<p class=\"has-medium-font-size\">  Le maire est absent du conseil fin septembre 1910 pour apprendre en d\u00e9cembre  que la maladie a atteint le maire, en Janvier il n&rsquo;apparait plus sur les proc\u00e8s verbaux du conseil et le 26 f\u00e9vrier 1911 un vote  est organis\u00e9 pour combl\u00e9 le nombre d&rsquo;\u00e9lus, m. Destroyes Louis est \u00e9lu,  puis un vote \u00e0  lieu pour \u00e9lire le maire, apr\u00e8s 3 tours  ayant obtenu deux candidats avec un nombre de voix \u00e9gal c&rsquo;est monsieur Tourteaux qui est \u00e9lu \u00e9tant le plus \u00e2g\u00e9, il refuse se vote comme indiquer sur le PV du conseil mais participera aux conseils municipaux jusqu&rsquo;aux prochaines \u00e9lections municipales.<\/p>\n\n\n\n<p class=\"has-medium-font-size\"> le 19 Mai 1912 \u00e9lection municipale, devant l&rsquo;augmentation de la population du village le nombre d&rsquo;\u00e9lu est augment\u00e9;<\/p>\n\n\n\n<ul class=\"wp-block-list\">\n<li>Maire Caron Georges<\/li>\n\n\n\n<li>Marteau Andr\u00e9 L\u00e9on<\/li>\n\n\n\n<li>Bois Joseph<\/li>\n\n\n\n<li>Duhamel Jean Th\u00e9odore<\/li>\n\n\n\n<li>Fouch\u00e9 Henri<\/li>\n\n\n\n<li>Lamirautl Andr\u00e9 L\u00e9on<\/li>\n\n\n\n<li>Marteau Louis Corentin<\/li>\n\n\n\n<li>Meneux Henri<\/li>\n\n\n\n<li>Paillard Eug\u00e8ne<\/li>\n\n\n\n<li>Ribouyilard Jules L\u00e9on<\/li>\n\n\n\n<li>Thorel Firmin Pierre<\/li>\n\n\n\n<li>Tourteaux Louis Alphonse<\/li>\n\n\n\n<li>Vallette Henri<\/li>\n<\/ul>\n\n\n\n<p class=\"has-medium-font-size\">Au conseil du 20 d\u00e9cembre 1914 trois conseill\u00e9s sont mobilis\u00e9s Thorel, Caron et Paillard.<\/p>\n\n\n\n<p class=\"has-medium-font-size\">le secr\u00e9tariat de la mairie est confi\u00e9 \u00e0 monsieur Delhomme, instituteur \u00e0 la retraite domicili\u00e9 \u00e0 Arbonne la For\u00eat. Un vote est d\u00e9cid\u00e9 le 12 juin 1919 pour reprendre monsieur Caron, instituteur, qui d\u00e9mobilis\u00e9 .<\/p>\n\n\n\n<p class=\"has-medium-font-size\">La guerre ayant perturber la tenue des \u00e9lections, c&rsquo;est le 10 D\u00e9cembre 1919 qu&rsquo;\u00e0 lieu le vote pour \u00e9lire les listes municipales;<\/p>\n\n\n\n<ul class=\"wp-block-list\">\n<li>Maire Caron Georges<\/li>\n\n\n\n<li>Meneux Henri Adjoint<\/li>\n\n\n\n<li>Duhamel Jean Th\u00e9odore<\/li>\n\n\n\n<li>Faideau Louis<\/li>\n\n\n\n<li>Fouch\u00e9 Laurent<\/li>\n\n\n\n<li>Jacqz Gustave<\/li>\n\n\n\n<li>Lamirault Henri<\/li>\n\n\n\n<li>Moreau Chalres<\/li>\n\n\n\n<li>Paillard Eug\u00e8ne<\/li>\n\n\n\n<li>Ribouillard L\u00e9on<\/li>\n\n\n\n<li>Salmon Geogrs<\/li>\n\n\n\n<li>Schaller Georges <\/li>\n<\/ul>\n\n\n\n<p class=\"has-medium-font-size\"> 12 mai 1929  r\u00e9sultat \u00e9lection municipale;<\/p>\n\n\n\n<ul class=\"wp-block-list\">\n<li>Roger Marius maire<\/li>\n\n\n\n<li>Pochard louis Adjoint<\/li>\n\n\n\n<li>Abraham Edmond<\/li>\n\n\n\n<li>Bimm Robert<\/li>\n\n\n\n<li>Bouvard Jules<\/li>\n\n\n\n<li>Chabert Joseph<\/li>\n\n\n\n<li>Delouche Emile<\/li>\n\n\n\n<li>Fouch\u00e9 Henri<\/li>\n\n\n\n<li>Gassies Henri<\/li>\n\n\n\n<li>Marseillan Henri<\/li>\n\n\n\n<li>Moyne Alfred<\/li>\n\n\n\n<li>Salmon Georges<\/li>\n<\/ul>\n<\/div>\n\n\n\n<p class=\"has-medium-font-size\">Le 27 octobre 1931 un courrier adress\u00e9 au maire fait \u00e9tat de la d\u00e9mission de l&rsquo;adjoint Monsieur Pochard le 30 octobre un vote est organis\u00e9 \u00e0 l&rsquo;issue duquel monsieur Salmon est \u00e9lu adjoint, le 7 juillet 1931 le maire propose comme la loi lui permet l&rsquo;adjonction d&rsquo;un second adjoint  au conseille municipal de Barbizon, le vote porte monsieur Gassies. <\/p>\n\n\n\n<p class=\"has-medium-font-size\">12 Mai 1935 r\u00e9sultat des \u00e9lections municipales;<\/p>\n\n\n\n<ul class=\"wp-block-list\">\n<li>Pochard Louis Maire<\/li>\n\n\n\n<li>Salmon Georges 1\u00b0 Adjoint<\/li>\n\n\n\n<li>Gassies Henri 2\u00b0 Adjoint<\/li>\n\n\n\n<li>Bimm Robert<\/li>\n\n\n\n<li>Deccher Claude<\/li>\n\n\n\n<li>Delouche Emile<\/li>\n\n\n\n<li>Fouch\u00e9 Henri<\/li>\n\n\n\n<li>Husson Edgard<\/li>\n\n\n\n<li>Meneux Maurice<\/li>\n\n\n\n<li>Moyne Alfred<\/li>\n\n\n\n<li>Salmon Georgfes<\/li>\n\n\n\n<li>Par\u00e9 Abel<\/li>\n\n\n\n<li>Thorel Pierre <\/li>\n<\/ul>\n\n\n\n<p class=\"has-medium-font-size\"> La  deuxi\u00e8me guerre mondiale vient perturb\u00e9 le cycle  r\u00e9publicain, par la lib\u00e9ration du village  le 23 aout 1944, un comit\u00e9 local de lib\u00e9ration est constitu\u00e9:<\/p>\n\n\n\n<ul class=\"wp-block-list\">\n<li>Leroux Roger, architecte, pr\u00e9sident du comit\u00e9<\/li>\n\n\n\n<li>Creuz\u00e9 Jean , entrepreneur de ma\u00e7onnerie, 1\u00b0 vice president<\/li>\n\n\n\n<li>Abram Jacques, H\u00f4telier,  2\u00b0 vice pr\u00e9sident<\/li>\n\n\n\n<li>Audran Georges, ma\u00e7on, membre<\/li>\n\n\n\n<li>Billy Andr\u00e9, homme de lettres, membre<\/li>\n\n\n\n<li>Cabaret Fernand, garagiste, membre<\/li>\n\n\n\n<li>Chabert Gilbert, entrepreneur de plomberie, membre<\/li>\n\n\n\n<li>Decosse Alfred, entrepreneur de ma\u00e7onnerie, membre<\/li>\n\n\n\n<li>Duriot Jacques plombier, membre<\/li>\n\n\n\n<li>Launay Alfred, Chef de (illisible)  de la chambre des d\u00e9put\u00e9s, membre<\/li>\n\n\n\n<li>Siron Emmanuel, restaurateur, membre<\/li>\n<\/ul>\n","protected":false},"excerpt":{"rendered":"<p>La mairie de Barbizon n&rsquo;a eu lieu d&rsquo;\u00eatre que lorsque le village est devenu une commune soit en 1904. Ce n&rsquo;est qu&rsquo;un an plus tard qu&rsquo;un habitant, monsieur Barbier fit une offre au conseil municipal en \u00e9tant vendeur d&rsquo;une maison, la villa Bagatelle, proche de l&rsquo;\u00e9cole communale. Le conseil apr\u00e8s en avoir d\u00e9lib\u00e8re se porte [&hellip;]<\/p>\n","protected":false},"author":1,"featured_media":0,"comment_status":"open","ping_status":"open","sticky":false,"template":"","format":"standard","meta":{"_monsterinsights_skip_tracking":false,"_monsterinsights_sitenote_active":false,"_monsterinsights_sitenote_note":"","_monsterinsights_sitenote_category":0,"_jetpack_memberships_contains_paid_content":false,"footnotes":""},"categories":[4,22],"tags":[],"post_folder":[25],"class_list":["post-492","post","type-post","status-publish","format-standard","hentry","category-constructions","category-constructions-collectives"],"yoast_head":"<!-- This site is optimized with the Yoast SEO plugin v27.4 - https:\/\/yoast.com\/product\/yoast-seo-wordpress\/ -->\n<title>Mairie - Barbizon Histoire et Patrimoine<\/title>\n<meta name=\"robots\" content=\"index, follow, max-snippet:-1, max-image-preview:large, max-video-preview:-1\" \/>\n<link rel=\"canonical\" href=\"https:\/\/www.grappilles.fr\/index.php\/2023\/02\/04\/mairie\/\" \/>\n<meta property=\"og:locale\" content=\"fr_FR\" \/>\n<meta property=\"og:type\" content=\"article\" \/>\n<meta property=\"og:title\" content=\"Mairie - Barbizon Histoire et Patrimoine\" \/>\n<meta property=\"og:description\" content=\"La mairie de Barbizon n&rsquo;a eu lieu d&rsquo;\u00eatre que lorsque le village est devenu une commune soit en 1904. Ce n&rsquo;est qu&rsquo;un an plus tard qu&rsquo;un habitant, monsieur Barbier fit une offre au conseil municipal en \u00e9tant vendeur d&rsquo;une maison, la villa Bagatelle, proche de l&rsquo;\u00e9cole communale. Le conseil apr\u00e8s en avoir d\u00e9lib\u00e8re se porte [&hellip;]\" \/>\n<meta property=\"og:url\" content=\"https:\/\/www.grappilles.fr\/index.php\/2023\/02\/04\/mairie\/\" \/>\n<meta property=\"og:site_name\" content=\"Barbizon Histoire et Patrimoine\" \/>\n<meta property=\"article:publisher\" content=\"https:\/\/www.facebook.com\/grappillons\" \/>\n<meta property=\"article:author\" content=\"https:\/\/www.facebook.com\/grappillons\" \/>\n<meta property=\"article:published_time\" content=\"2023-02-04T18:04:33+00:00\" \/>\n<meta property=\"article:modified_time\" content=\"2023-04-30T14:15:49+00:00\" \/>\n<meta name=\"author\" content=\"pregra66\" \/>\n<meta name=\"twitter:card\" content=\"summary_large_image\" \/>\n<meta name=\"twitter:label1\" content=\"\u00c9crit par\" \/>\n\t<meta name=\"twitter:data1\" content=\"pregra66\" \/>\n\t<meta name=\"twitter:label2\" content=\"Dur\u00e9e de lecture estim\u00e9e\" \/>\n\t<meta name=\"twitter:data2\" content=\"4 minutes\" \/>\n<script type=\"application\/ld+json\" class=\"yoast-schema-graph\">{\"@context\":\"https:\\\/\\\/schema.org\",\"@graph\":[{\"@type\":\"Article\",\"@id\":\"https:\\\/\\\/www.grappilles.fr\\\/index.php\\\/2023\\\/02\\\/04\\\/mairie\\\/#article\",\"isPartOf\":{\"@id\":\"https:\\\/\\\/www.grappilles.fr\\\/index.php\\\/2023\\\/02\\\/04\\\/mairie\\\/\"},\"author\":{\"name\":\"pregra66\",\"@id\":\"https:\\\/\\\/www.grappilles.fr\\\/#\\\/schema\\\/person\\\/ac28443c00453ca743f16066ae01a8a7\"},\"headline\":\"Mairie\",\"datePublished\":\"2023-02-04T18:04:33+00:00\",\"dateModified\":\"2023-04-30T14:15:49+00:00\",\"mainEntityOfPage\":{\"@id\":\"https:\\\/\\\/www.grappilles.fr\\\/index.php\\\/2023\\\/02\\\/04\\\/mairie\\\/\"},\"wordCount\":707,\"commentCount\":0,\"publisher\":{\"@id\":\"https:\\\/\\\/www.grappilles.fr\\\/#\\\/schema\\\/person\\\/ac28443c00453ca743f16066ae01a8a7\"},\"articleSection\":[\"Constructions\",\"Constructions Collectives\"],\"inLanguage\":\"fr-FR\",\"potentialAction\":[{\"@type\":\"CommentAction\",\"name\":\"Comment\",\"target\":[\"https:\\\/\\\/www.grappilles.fr\\\/index.php\\\/2023\\\/02\\\/04\\\/mairie\\\/#respond\"]}]},{\"@type\":\"WebPage\",\"@id\":\"https:\\\/\\\/www.grappilles.fr\\\/index.php\\\/2023\\\/02\\\/04\\\/mairie\\\/\",\"url\":\"https:\\\/\\\/www.grappilles.fr\\\/index.php\\\/2023\\\/02\\\/04\\\/mairie\\\/\",\"name\":\"Mairie - Barbizon Histoire et Patrimoine\",\"isPartOf\":{\"@id\":\"https:\\\/\\\/www.grappilles.fr\\\/#website\"},\"datePublished\":\"2023-02-04T18:04:33+00:00\",\"dateModified\":\"2023-04-30T14:15:49+00:00\",\"breadcrumb\":{\"@id\":\"https:\\\/\\\/www.grappilles.fr\\\/index.php\\\/2023\\\/02\\\/04\\\/mairie\\\/#breadcrumb\"},\"inLanguage\":\"fr-FR\",\"potentialAction\":[{\"@type\":\"ReadAction\",\"target\":[\"https:\\\/\\\/www.grappilles.fr\\\/index.php\\\/2023\\\/02\\\/04\\\/mairie\\\/\"]}]},{\"@type\":\"BreadcrumbList\",\"@id\":\"https:\\\/\\\/www.grappilles.fr\\\/index.php\\\/2023\\\/02\\\/04\\\/mairie\\\/#breadcrumb\",\"itemListElement\":[{\"@type\":\"ListItem\",\"position\":1,\"name\":\"Accueil\",\"item\":\"https:\\\/\\\/www.grappilles.fr\\\/\"},{\"@type\":\"ListItem\",\"position\":2,\"name\":\"Mairie\"}]},{\"@type\":\"WebSite\",\"@id\":\"https:\\\/\\\/www.grappilles.fr\\\/#website\",\"url\":\"https:\\\/\\\/www.grappilles.fr\\\/\",\"name\":\"Barbizon Histoire et Patrimoine\",\"description\":\"une r\u00e9alisation les grappilles de la For\u00eat\",\"publisher\":{\"@id\":\"https:\\\/\\\/www.grappilles.fr\\\/#\\\/schema\\\/person\\\/ac28443c00453ca743f16066ae01a8a7\"},\"potentialAction\":[{\"@type\":\"SearchAction\",\"target\":{\"@type\":\"EntryPoint\",\"urlTemplate\":\"https:\\\/\\\/www.grappilles.fr\\\/?s={search_term_string}\"},\"query-input\":{\"@type\":\"PropertyValueSpecification\",\"valueRequired\":true,\"valueName\":\"search_term_string\"}}],\"inLanguage\":\"fr-FR\"},{\"@type\":[\"Person\",\"Organization\"],\"@id\":\"https:\\\/\\\/www.grappilles.fr\\\/#\\\/schema\\\/person\\\/ac28443c00453ca743f16066ae01a8a7\",\"name\":\"pregra66\",\"image\":{\"@type\":\"ImageObject\",\"inLanguage\":\"fr-FR\",\"@id\":\"https:\\\/\\\/i0.wp.com\\\/www.grappilles.fr\\\/wp-content\\\/uploads\\\/2024\\\/03\\\/logo-Les-GDLF.jpg?fit=254%2C231&ssl=1\",\"url\":\"https:\\\/\\\/i0.wp.com\\\/www.grappilles.fr\\\/wp-content\\\/uploads\\\/2024\\\/03\\\/logo-Les-GDLF.jpg?fit=254%2C231&ssl=1\",\"contentUrl\":\"https:\\\/\\\/i0.wp.com\\\/www.grappilles.fr\\\/wp-content\\\/uploads\\\/2024\\\/03\\\/logo-Les-GDLF.jpg?fit=254%2C231&ssl=1\",\"width\":254,\"height\":231,\"caption\":\"pregra66\"},\"logo\":{\"@id\":\"https:\\\/\\\/i0.wp.com\\\/www.grappilles.fr\\\/wp-content\\\/uploads\\\/2024\\\/03\\\/logo-Les-GDLF.jpg?fit=254%2C231&ssl=1\"},\"sameAs\":[\"http:\\\/\\\/www.grappilles.fr\",\"https:\\\/\\\/www.facebook.com\\\/grappillons\"],\"url\":\"https:\\\/\\\/www.grappilles.fr\\\/index.php\\\/author\\\/pregra66\\\/\"}]}<\/script>\n<!-- \/ Yoast SEO plugin. -->","yoast_head_json":{"title":"Mairie - Barbizon Histoire et Patrimoine","robots":{"index":"index","follow":"follow","max-snippet":"max-snippet:-1","max-image-preview":"max-image-preview:large","max-video-preview":"max-video-preview:-1"},"canonical":"https:\/\/www.grappilles.fr\/index.php\/2023\/02\/04\/mairie\/","og_locale":"fr_FR","og_type":"article","og_title":"Mairie - Barbizon Histoire et Patrimoine","og_description":"La mairie de Barbizon n&rsquo;a eu lieu d&rsquo;\u00eatre que lorsque le village est devenu une commune soit en 1904. Ce n&rsquo;est qu&rsquo;un an plus tard qu&rsquo;un habitant, monsieur Barbier fit une offre au conseil municipal en \u00e9tant vendeur d&rsquo;une maison, la villa Bagatelle, proche de l&rsquo;\u00e9cole communale. Le conseil apr\u00e8s en avoir d\u00e9lib\u00e8re se porte [&hellip;]","og_url":"https:\/\/www.grappilles.fr\/index.php\/2023\/02\/04\/mairie\/","og_site_name":"Barbizon Histoire et Patrimoine","article_publisher":"https:\/\/www.facebook.com\/grappillons","article_author":"https:\/\/www.facebook.com\/grappillons","article_published_time":"2023-02-04T18:04:33+00:00","article_modified_time":"2023-04-30T14:15:49+00:00","author":"pregra66","twitter_card":"summary_large_image","twitter_misc":{"\u00c9crit par":"pregra66","Dur\u00e9e de lecture estim\u00e9e":"4 minutes"},"schema":{"@context":"https:\/\/schema.org","@graph":[{"@type":"Article","@id":"https:\/\/www.grappilles.fr\/index.php\/2023\/02\/04\/mairie\/#article","isPartOf":{"@id":"https:\/\/www.grappilles.fr\/index.php\/2023\/02\/04\/mairie\/"},"author":{"name":"pregra66","@id":"https:\/\/www.grappilles.fr\/#\/schema\/person\/ac28443c00453ca743f16066ae01a8a7"},"headline":"Mairie","datePublished":"2023-02-04T18:04:33+00:00","dateModified":"2023-04-30T14:15:49+00:00","mainEntityOfPage":{"@id":"https:\/\/www.grappilles.fr\/index.php\/2023\/02\/04\/mairie\/"},"wordCount":707,"commentCount":0,"publisher":{"@id":"https:\/\/www.grappilles.fr\/#\/schema\/person\/ac28443c00453ca743f16066ae01a8a7"},"articleSection":["Constructions","Constructions Collectives"],"inLanguage":"fr-FR","potentialAction":[{"@type":"CommentAction","name":"Comment","target":["https:\/\/www.grappilles.fr\/index.php\/2023\/02\/04\/mairie\/#respond"]}]},{"@type":"WebPage","@id":"https:\/\/www.grappilles.fr\/index.php\/2023\/02\/04\/mairie\/","url":"https:\/\/www.grappilles.fr\/index.php\/2023\/02\/04\/mairie\/","name":"Mairie - Barbizon Histoire et Patrimoine","isPartOf":{"@id":"https:\/\/www.grappilles.fr\/#website"},"datePublished":"2023-02-04T18:04:33+00:00","dateModified":"2023-04-30T14:15:49+00:00","breadcrumb":{"@id":"https:\/\/www.grappilles.fr\/index.php\/2023\/02\/04\/mairie\/#breadcrumb"},"inLanguage":"fr-FR","potentialAction":[{"@type":"ReadAction","target":["https:\/\/www.grappilles.fr\/index.php\/2023\/02\/04\/mairie\/"]}]},{"@type":"BreadcrumbList","@id":"https:\/\/www.grappilles.fr\/index.php\/2023\/02\/04\/mairie\/#breadcrumb","itemListElement":[{"@type":"ListItem","position":1,"name":"Accueil","item":"https:\/\/www.grappilles.fr\/"},{"@type":"ListItem","position":2,"name":"Mairie"}]},{"@type":"WebSite","@id":"https:\/\/www.grappilles.fr\/#website","url":"https:\/\/www.grappilles.fr\/","name":"Barbizon Histoire et Patrimoine","description":"une r\u00e9alisation les grappilles de la For\u00eat","publisher":{"@id":"https:\/\/www.grappilles.fr\/#\/schema\/person\/ac28443c00453ca743f16066ae01a8a7"},"potentialAction":[{"@type":"SearchAction","target":{"@type":"EntryPoint","urlTemplate":"https:\/\/www.grappilles.fr\/?s={search_term_string}"},"query-input":{"@type":"PropertyValueSpecification","valueRequired":true,"valueName":"search_term_string"}}],"inLanguage":"fr-FR"},{"@type":["Person","Organization"],"@id":"https:\/\/www.grappilles.fr\/#\/schema\/person\/ac28443c00453ca743f16066ae01a8a7","name":"pregra66","image":{"@type":"ImageObject","inLanguage":"fr-FR","@id":"https:\/\/i0.wp.com\/www.grappilles.fr\/wp-content\/uploads\/2024\/03\/logo-Les-GDLF.jpg?fit=254%2C231&ssl=1","url":"https:\/\/i0.wp.com\/www.grappilles.fr\/wp-content\/uploads\/2024\/03\/logo-Les-GDLF.jpg?fit=254%2C231&ssl=1","contentUrl":"https:\/\/i0.wp.com\/www.grappilles.fr\/wp-content\/uploads\/2024\/03\/logo-Les-GDLF.jpg?fit=254%2C231&ssl=1","width":254,"height":231,"caption":"pregra66"},"logo":{"@id":"https:\/\/i0.wp.com\/www.grappilles.fr\/wp-content\/uploads\/2024\/03\/logo-Les-GDLF.jpg?fit=254%2C231&ssl=1"},"sameAs":["http:\/\/www.grappilles.fr","https:\/\/www.facebook.com\/grappillons"],"url":"https:\/\/www.grappilles.fr\/index.php\/author\/pregra66\/"}]}},"jetpack_featured_media_url":"","jetpack-related-posts":[],"jetpack_sharing_enabled":true,"_links":{"self":[{"href":"https:\/\/www.grappilles.fr\/index.php\/wp-json\/wp\/v2\/posts\/492","targetHints":{"allow":["GET"]}}],"collection":[{"href":"https:\/\/www.grappilles.fr\/index.php\/wp-json\/wp\/v2\/posts"}],"about":[{"href":"https:\/\/www.grappilles.fr\/index.php\/wp-json\/wp\/v2\/types\/post"}],"author":[{"embeddable":true,"href":"https:\/\/www.grappilles.fr\/index.php\/wp-json\/wp\/v2\/users\/1"}],"replies":[{"embeddable":true,"href":"https:\/\/www.grappilles.fr\/index.php\/wp-json\/wp\/v2\/comments?post=492"}],"version-history":[{"count":7,"href":"https:\/\/www.grappilles.fr\/index.php\/wp-json\/wp\/v2\/posts\/492\/revisions"}],"predecessor-version":[{"id":1067,"href":"https:\/\/www.grappilles.fr\/index.php\/wp-json\/wp\/v2\/posts\/492\/revisions\/1067"}],"wp:attachment":[{"href":"https:\/\/www.grappilles.fr\/index.php\/wp-json\/wp\/v2\/media?parent=492"}],"wp:term":[{"taxonomy":"category","embeddable":true,"href":"https:\/\/www.grappilles.fr\/index.php\/wp-json\/wp\/v2\/categories?post=492"},{"taxonomy":"post_tag","embeddable":true,"href":"https:\/\/www.grappilles.fr\/index.php\/wp-json\/wp\/v2\/tags?post=492"},{"taxonomy":"post_folder","embeddable":true,"href":"https:\/\/www.grappilles.fr\/index.php\/wp-json\/wp\/v2\/post_folder?post=492"}],"curies":[{"name":"wp","href":"https:\/\/api.w.org\/{rel}","templated":true}]}}